{"id":249,"date":"2006-04-02T16:27:48","date_gmt":"2006-04-02T23:27:48","guid":{"rendered":"http:\/\/www.exportapymes.com\/comercio-exterior-america-esp\/el-ivex-lanza-un-nuevo-programa-de-becas-al-extranjero-para-jovenes\/"},"modified":"2006-04-02T16:27:48","modified_gmt":"2006-04-02T23:27:48","slug":"el-ivex-lanza-un-nuevo-programa-de-becas-al-extranjero-para-jovenes","status":"publish","type":"post","link":"https:\/\/www.exportapymes.com\/comercio-exterior-america-esp\/el-ivex-lanza-un-nuevo-programa-de-becas-al-extranjero-para-jovenes\/","title":{"rendered":"El IVEX lanza un nuevo programa de becas al extranjero para j\u00f3venes"},"content":{"rendered":"<p>El <strong>Instituto Valenciano de la Exportaci\u00f3n (Ivex)<\/strong> oferta un nuevo programa de becas para j\u00f3venes licenciados basado en la especializaci\u00f3n, tanto te\u00f3rica como pr\u00e1ctica, <strong>en internacionalizaci\u00f3n estrategia empresarial en el exterior<\/strong>, informaron este s\u00e1bado fuentes de la Generalitat.<br \/>\n<img decoding=\"async\" src=\"http:\/\/www.exportapymes.com\/comercio-exterior-america-esp\/images\/ban\/spain.jpg\" \/><br \/>\n<!--more-->En este sentido, la <strong>directora general de Exportaci\u00f3n, Maritina Hern\u00e1ndez<\/strong>, explic\u00f3 que el <strong>plan formativo de las Becas de Internacionalizaci\u00f3n del Ivex<\/strong> se complement\u00f3 en el plano formativo con la Universidad Polit\u00e9cnica de Valencia y, en el aspecto pr\u00e1ctico, con las propias empresas de la Comunidad Valenciana que tienen la oportunidad de incorporar en sus delegaciones a personal especializado a un coste muy competitivo, con la subvenci\u00f3n del Fondo Social Europeo.<\/p>\n<p>As\u00ed, Hern\u00e1ndez asegur\u00f3 que &#8220;se presenta en esta convocatoria un completo plan de formaci\u00f3n que beneficia tanto a los j\u00f3venes licenciados como a las propias empresas de la Comunidad con delegaciones en el exterior&#8221;, al afirmar que &#8220;son las propias empresas las que definen desde el principio sus necesidades y el <strong>programa formativo<\/strong> que van a seguir los j\u00f3venes que desarrollen las pr\u00e1cticas en su empresa&#8221;.<\/p>\n<p>Las mismas fuentes explicaron que el periodo formativo de las<strong> Becas de Internacionalizaci\u00f3n 2006<\/strong> es de dos a\u00f1os de duraci\u00f3n distribuidos en tres fases, en la que, en una primera, los becarios realizar\u00e1n un <strong>Curso Superior de Internacionalizaci\u00f3n de la Empresa<\/strong>, impartido por la Universidad Polit\u00e9cnica de Valencia, y la segunda, consiste en un periodo de pr\u00e1cticas institucionales, bien en oficinas <strong>IVEX<\/strong> o en entidades, asociaciones empresariales de la Comunidad.<\/p>\n<p>La tercera parte del programa consiste en la realizaci\u00f3n de pr\u00e1cticas en empresas de la autonomia valenciana que cuenten con filiales, y\/o <strong>proyectos de implantaci\u00f3n en el exterior<\/strong>, o en aquellos organismos entre cuyos objetivos se encuentre la<strong> internacionalizaci\u00f3n de las empresas<\/strong>, teniendo como objetivo la especializaci\u00f3n m\u00e1xima del becario.<\/p>\n<p>De esta forma, Maritina Hern\u00e1ndez anim\u00f3 a las empresas de la Comunidad a participar en este &#8220;ambicioso&#8221; <strong>programa de formaci\u00f3n<\/strong>, a trav\u00e9s del cual, adem\u00e1s de fomentar la formaci\u00f3n especializada de j\u00f3venes licenciados, se pueden beneficiar de la colaboraci\u00f3n de especialistas para la realizaci\u00f3n de pr\u00e1cticas en sus <strong>delegaciones en el exterior<\/strong> a un coste muy competitivo.<\/p>\n<p>En este sentido, la <strong>directora general de Exportaci\u00f3n<\/strong> manifest\u00f3 que las empresas participan &#8220;activamente&#8221; en el desarrollo del programa que siguen los becarios, para as\u00ed adaptarlo a las necesidades de las empresas en que realizar\u00e1n las pr\u00e1cticas en la tercera fase del plan.<\/p>\n<p>Fuentes de la Generalitat informaron que el n\u00famero de plazas convocadas asciende a alrededor de 80, de las cuales 20 se dirigen espec\u00edficamente a mujeres con objeto contribuir a la introducci\u00f3n de la mujer en el mundo empresarial en igualdad de oportunidades.<\/p>\n<p>Adem\u00e1s, entre los requisitos m\u00ednimos para acceder como becarios a este programa formativo figura la posesi\u00f3n de una titulaci\u00f3n universitaria de grado superior, ser ciudadano de la Uni\u00f3n Europea y residente en la Comunidad, dominar el idioma ingl\u00e9s hablado y escrito, ser menor de 30 a\u00f1os y estar en situaci\u00f3n de desempleo.<\/p>\n<p>Asimismo, indicaron que se valorar\u00e1 la realizaci\u00f3n de <strong>cursos de especializaci\u00f3n<\/strong>, el conocimiento de otros idiomas, la <strong>experiencia en comercio exterior<\/strong> o las estancias en el extranjero, concluyeron las citadas fuentes. Panorama Actual<\/p>\n","protected":false},"excerpt":{"rendered":"<p>El Instituto Valenciano de la Exportaci\u00f3n (Ivex) oferta un nuevo programa de becas para j\u00f3venes licenciados basado en la especializaci\u00f3n, tanto te\u00f3rica como pr\u00e1ctica, en internacionalizaci\u00f3n estrategia empresarial en el exterior, informaron este s\u00e1bado fuentes de la Generalitat.<\/p>\n","protected":false},"author":1,"featured_media":0,"comment_status":"open","ping_status":"open","sticky":false,"template":"","format":"standard","meta":{"footnotes":""},"categories":[22],"tags":[],"class_list":["post-249","post","type-post","status-publish","format-standard","hentry","category-espana"],"_links":{"self":[{"href":"https:\/\/www.exportapymes.com\/comercio-exterior-america-esp\/wp-json\/wp\/v2\/posts\/249","targetHints":{"allow":["GET"]}}],"collection":[{"href":"https:\/\/www.exportapymes.com\/comercio-exterior-america-esp\/wp-json\/wp\/v2\/posts"}],"about":[{"href":"https:\/\/www.exportapymes.com\/comercio-exterior-america-esp\/wp-json\/wp\/v2\/types\/post"}],"author":[{"embeddable":true,"href":"https:\/\/www.exportapymes.com\/comercio-exterior-america-esp\/wp-json\/wp\/v2\/users\/1"}],"replies":[{"embeddable":true,"href":"https:\/\/www.exportapymes.com\/comercio-exterior-america-esp\/wp-json\/wp\/v2\/comments?post=249"}],"version-history":[{"count":0,"href":"https:\/\/www.exportapymes.com\/comercio-exterior-america-esp\/wp-json\/wp\/v2\/posts\/249\/revisions"}],"wp:attachment":[{"href":"https:\/\/www.exportapymes.com\/comercio-exterior-america-esp\/wp-json\/wp\/v2\/media?parent=249"}],"wp:term":[{"taxonomy":"category","embeddable":true,"href":"https:\/\/www.exportapymes.com\/comercio-exterior-america-esp\/wp-json\/wp\/v2\/categories?post=249"},{"taxonomy":"post_tag","embeddable":true,"href":"https:\/\/www.exportapymes.com\/comercio-exterior-america-esp\/wp-json\/wp\/v2\/tags?post=249"}],"curies":[{"name":"wp","href":"https:\/\/api.w.org\/{rel}","templated":true}]}}