{"id":2537,"date":"2012-07-18T15:04:12","date_gmt":"2012-07-18T22:04:12","guid":{"rendered":"http:\/\/www.exportapymes.com\/comercio-exterior-america-esp\/?p=2537"},"modified":"2012-07-18T15:04:12","modified_gmt":"2012-07-18T22:04:12","slug":"comercio-exterior-de-colombia-funcionara-las-24-horas-los-7-dias-de-la-semana","status":"publish","type":"post","link":"https:\/\/www.exportapymes.com\/comercio-exterior-america-esp\/comercio-exterior-de-colombia-funcionara-las-24-horas-los-7-dias-de-la-semana\/","title":{"rendered":"Comercio exterior de Colombia funcionar\u00e1 las 24 horas, los 7 d\u00edas de la semana"},"content":{"rendered":"<p><strong>Colombia <\/strong>operar\u00e1 a toda m\u00e1quina para agilizar el <strong>comercio exterior<\/strong>, al entrar en funcionamiento un plan coordinado por el Ministerio de Comercio, Industria y Turismo, a trav\u00e9s del cual habr\u00e1 atenci\u00f3n las 24 horas, y los siete d\u00edas a la semana por parte de las entidades de control respectivas.<br \/>\n<img loading=\"lazy\" decoding=\"async\" class=\"alignnone\" src=\"http:\/\/www.exportapymes.com\/comercio-exterior-america-esp\/images\/ban\/colombia.jpg\" alt=\"\" width=\"100\" height=\"66\" \/> \u201cVamos a hacer m\u00e1s expedito el comercio, pues necesitamos generar empleo  para los colombianos a trav\u00e9s de un mayor <strong>comercio exterior<\/strong>. Queremos m\u00e1s  <strong>exportaciones<\/strong> de<br \/>\n<!--more--><br \/>\nnuestros bienes y servicios al mundo, y tambi\u00e9n que  lleguen a Colombia, mas bienes de capital para fortalecer la industria  nacional\u201d,  anunci\u00f3 el Ministro de Comercio, Industria y Turismo, Sergio D\u00edaz-Granados, durante la sesi\u00f3n plenaria del Acuerdo para la Prosperidad No. 77,  en Barranquilla, e indic\u00f3 que las entidades de control del comercio exterior, como el Instituto Nacional de Vigilancia de Medicamentos y Alimentos (INVIMA), el Instituto Colombiano Agropecuario (ICA), la Direcci\u00f3n de Impuestos y Aduanas (DIAN) y la Polic\u00eda Antinarc\u00f3ticos, entrar\u00e1n a operar bajo la modalidad 7 d\u00edas, 24 horas.<\/p>\n<p>El piloto de la medida arrancar\u00e1 en septiembre en el Puerto de Barranquilla, ciudad denominada por su Alcaldesa, como la \u201ccapital de los TLCs\u201d,  y busca adem\u00e1s reducir las demoras, los  sobrecostos y tiempos de permanencia de mercanc\u00edas en puertos y aeropuertos, al entrar en plena vigencia en todo el pa\u00eds en el corto plazo.<\/p>\n<p>\u201cApoyamos a la costa Caribe, y a Barranquilla en su empe\u00f1o de ser la punta de lanza del aprovechamiento de los Tratados de Libre Comercio\u201d, dijo el Ministro, al tiempo que reiter\u00f3 que la cartera a su cargo avanza hacia ese objetivo mediante la implementaci\u00f3n de medidas tendientes a facilitar el comercio.<\/p>\n","protected":false},"excerpt":{"rendered":"<p>Colombia operar\u00e1 a toda m\u00e1quina para agilizar el comercio exterior, al entrar en funcionamiento un plan coordinado por el Ministerio de Comercio, Industria y Turismo, a trav\u00e9s del cual habr\u00e1 atenci\u00f3n las 24 horas, y los siete d\u00edas a la<span class=\"ellipsis\">&hellip;<\/span><\/p>\n<div class=\"read-more\"><a href=\"https:\/\/www.exportapymes.com\/comercio-exterior-america-esp\/comercio-exterior-de-colombia-funcionara-las-24-horas-los-7-dias-de-la-semana\/\">Leer m&aacute;s &#8250;<\/a><\/div>\n<p><!-- end of .read-more --><\/p>\n","protected":false},"author":1,"featured_media":0,"comment_status":"open","ping_status":"open","sticky":false,"template":"","format":"standard","meta":{"footnotes":""},"categories":[5,30,24,32,25],"tags":[],"class_list":["post-2537","post","type-post","status-publish","format-standard","hentry","category-colombia","category-comercio-exterior","category-exportacion","category-exportar","category-internacionalizacion"],"_links":{"self":[{"href":"https:\/\/www.exportapymes.com\/comercio-exterior-america-esp\/wp-json\/wp\/v2\/posts\/2537","targetHints":{"allow":["GET"]}}],"collection":[{"href":"https:\/\/www.exportapymes.com\/comercio-exterior-america-esp\/wp-json\/wp\/v2\/posts"}],"about":[{"href":"https:\/\/www.exportapymes.com\/comercio-exterior-america-esp\/wp-json\/wp\/v2\/types\/post"}],"author":[{"embeddable":true,"href":"https:\/\/www.exportapymes.com\/comercio-exterior-america-esp\/wp-json\/wp\/v2\/users\/1"}],"replies":[{"embeddable":true,"href":"https:\/\/www.exportapymes.com\/comercio-exterior-america-esp\/wp-json\/wp\/v2\/comments?post=2537"}],"version-history":[{"count":1,"href":"https:\/\/www.exportapymes.com\/comercio-exterior-america-esp\/wp-json\/wp\/v2\/posts\/2537\/revisions"}],"predecessor-version":[{"id":2538,"href":"https:\/\/www.exportapymes.com\/comercio-exterior-america-esp\/wp-json\/wp\/v2\/posts\/2537\/revisions\/2538"}],"wp:attachment":[{"href":"https:\/\/www.exportapymes.com\/comercio-exterior-america-esp\/wp-json\/wp\/v2\/media?parent=2537"}],"wp:term":[{"taxonomy":"category","embeddable":true,"href":"https:\/\/www.exportapymes.com\/comercio-exterior-america-esp\/wp-json\/wp\/v2\/categories?post=2537"},{"taxonomy":"post_tag","embeddable":true,"href":"https:\/\/www.exportapymes.com\/comercio-exterior-america-esp\/wp-json\/wp\/v2\/tags?post=2537"}],"curies":[{"name":"wp","href":"https:\/\/api.w.org\/{rel}","templated":true}]}}