{"id":2539,"date":"2012-07-18T15:57:23","date_gmt":"2012-07-18T22:57:23","guid":{"rendered":"http:\/\/www.exportapymes.com\/comercio-exterior-america-esp\/?p=2539"},"modified":"2012-07-18T15:57:23","modified_gmt":"2012-07-18T22:57:23","slug":"campana-internacional-de-la-marca-peru","status":"publish","type":"post","link":"https:\/\/www.exportapymes.com\/comercio-exterior-america-esp\/campana-internacional-de-la-marca-peru\/","title":{"rendered":"Campa\u00f1a Internacional de la Marca Per\u00fa"},"content":{"rendered":"<p><img loading=\"lazy\" decoding=\"async\" class=\"alignnone\" src=\"http:\/\/www.exportapymes.com\/comercio-exterior-america-esp\/images\/otras\/mincetur_c.jpg\" alt=\"\" width=\"282\" height=\"53\" \/><br \/>\nCon el fin de posicionar al Per\u00fa como un pa\u00eds atractivo tanto por sus riquezas naturales e hist\u00f3ricas, as\u00ed como por su potencial comercial para el mundo, fu\u00e9 lanzada la<strong> Campa\u00f1a Internacional de la Marca Per\u00fa 2012<\/strong>. \u201cEl 2012 es el a\u00f1o de la <strong>internacionalizaci\u00f3n de la Marca Per\u00fa<\/strong>. Hemos  visto como la Marca Per\u00fa ha calado en los peruanos, es por ello que este  es el momento preciso para dar un paso m\u00e1s y darla a conocer al mundo,  pues cuenta con el<\/p>\n<p><!--more-->respaldo de todos los peruanos, de empresas e  instituciones que son conscientes de las riquezas que nuestro pa\u00eds tiene  para ofrecer. La Marca Per\u00fa se lanz\u00e1 a la conquista del mundo\u201d, destac\u00f3 el ministro de Comercio Exterior y Turismo y presidente del Directorio de Promper\u00fa, Jos\u00e9 Luis Silva Martinot.<\/p>\n<p>Silva Martinot indic\u00f3 que esta campa\u00f1a busca no solamente incrementar el n\u00famero de turistas sino consolidar la actual imagen positiva del Per\u00fa como naci\u00f3n moderna y atractiva en constante crecimiento en los mercados de pa\u00edses como Brasil, Argentina, Estados Unidos, Espa\u00f1a, Francia, Alemania y China.<\/p>\n<p>En esta oportunidad la agencia de publicidad MCCANN ERICKSON tuvo a su cargo la concepci\u00f3n de la idea creativa para la Campa\u00f1a Internacional de la Marca Per\u00fa la cual nos introduce a una nueva historia: la de un ciudadano del mundo, una persona del futuro, qui\u00e9n recibe un video de su viaje por el Per\u00fa ocurrido en el verano del 2012. Su traves\u00eda se inicia en nuestra Costa llegando hasta la Sierra y termina en la Amazon\u00eda.<\/p>\n<p>Para contar esta fascinante y conmovedora historia se cont\u00f3 con la cineasta peruana Claudia Llosa, una de nuestras directoras m\u00e1s prestigiosas y cuya fortaleza radica en la capacidad de aportar no s\u00f3lo su talento cinematogr\u00e1fico, sino tambi\u00e9n un doble punto de vista como peruana y ciudadana del mundo.<\/p>\n<p>Las locaciones que se utilizaron en este proyecto comprenden lugares tan diversos como centros empresariales y din\u00e1micos espacios urbanos de Lima, hasta paisajes peruanos de apacible y singular belleza de Paracas, Cusco y Madre de Dios, entre otros. Los distintos habitantes de estos sitios, sus costumbres y su gastronom\u00eda est\u00e1n vivamente retratados en esta narraci\u00f3n audiovisual.<\/p>\n<p>La campa\u00f1a est\u00e1 compuesta por piezas publicitarias para televisi\u00f3n, medios impresos, anuncios en la v\u00eda p\u00fablica, canales digitales y redes sociales.<\/p>\n","protected":false},"excerpt":{"rendered":"<p>Con el fin de posicionar al Per\u00fa como un pa\u00eds atractivo tanto por sus riquezas naturales e hist\u00f3ricas, as\u00ed como por su potencial comercial para el mundo, fu\u00e9 lanzada la Campa\u00f1a Internacional de la Marca Per\u00fa 2012. \u201cEl 2012 es<span class=\"ellipsis\">&hellip;<\/span><\/p>\n<div class=\"read-more\"><a href=\"https:\/\/www.exportapymes.com\/comercio-exterior-america-esp\/campana-internacional-de-la-marca-peru\/\">Leer m&aacute;s &#8250;<\/a><\/div>\n<p><!-- end of .read-more --><\/p>\n","protected":false},"author":1,"featured_media":0,"comment_status":"open","ping_status":"open","sticky":false,"template":"","format":"standard","meta":{"footnotes":""},"categories":[30,24,35,25,69,17],"tags":[],"class_list":["post-2539","post","type-post","status-publish","format-standard","hentry","category-comercio-exterior","category-exportacion","category-exportador","category-internacionalizacion","category-marca-pais","category-peru"],"_links":{"self":[{"href":"https:\/\/www.exportapymes.com\/comercio-exterior-america-esp\/wp-json\/wp\/v2\/posts\/2539","targetHints":{"allow":["GET"]}}],"collection":[{"href":"https:\/\/www.exportapymes.com\/comercio-exterior-america-esp\/wp-json\/wp\/v2\/posts"}],"about":[{"href":"https:\/\/www.exportapymes.com\/comercio-exterior-america-esp\/wp-json\/wp\/v2\/types\/post"}],"author":[{"embeddable":true,"href":"https:\/\/www.exportapymes.com\/comercio-exterior-america-esp\/wp-json\/wp\/v2\/users\/1"}],"replies":[{"embeddable":true,"href":"https:\/\/www.exportapymes.com\/comercio-exterior-america-esp\/wp-json\/wp\/v2\/comments?post=2539"}],"version-history":[{"count":1,"href":"https:\/\/www.exportapymes.com\/comercio-exterior-america-esp\/wp-json\/wp\/v2\/posts\/2539\/revisions"}],"predecessor-version":[{"id":2540,"href":"https:\/\/www.exportapymes.com\/comercio-exterior-america-esp\/wp-json\/wp\/v2\/posts\/2539\/revisions\/2540"}],"wp:attachment":[{"href":"https:\/\/www.exportapymes.com\/comercio-exterior-america-esp\/wp-json\/wp\/v2\/media?parent=2539"}],"wp:term":[{"taxonomy":"category","embeddable":true,"href":"https:\/\/www.exportapymes.com\/comercio-exterior-america-esp\/wp-json\/wp\/v2\/categories?post=2539"},{"taxonomy":"post_tag","embeddable":true,"href":"https:\/\/www.exportapymes.com\/comercio-exterior-america-esp\/wp-json\/wp\/v2\/tags?post=2539"}],"curies":[{"name":"wp","href":"https:\/\/api.w.org\/{rel}","templated":true}]}}