{"id":261,"date":"2006-04-06T20:25:58","date_gmt":"2006-04-07T03:25:58","guid":{"rendered":"http:\/\/www.exportapymes.com\/comercio-exterior-america-esp\/la-camara-de-comercio-de-huelva-anima-a-las-pymes-a-internacionalizarse\/"},"modified":"2006-04-06T20:25:58","modified_gmt":"2006-04-07T03:25:58","slug":"la-camara-de-comercio-de-huelva-anima-a-las-pymes-a-internacionalizarse","status":"publish","type":"post","link":"https:\/\/www.exportapymes.com\/comercio-exterior-america-esp\/la-camara-de-comercio-de-huelva-anima-a-las-pymes-a-internacionalizarse\/","title":{"rendered":"La C\u00e1mara de Comercio de Huelva anima a las pymes a internacionalizarse"},"content":{"rendered":"<p>La C\u00e1mara de Comercio acoge la celebraci\u00f3n de unas <strong>jornadas para analizar los problemas y costes del transporte en la exportaci\u00f3n<\/strong>.<br \/>\n<img decoding=\"async\" src=\"http:\/\/www.exportapymes.com\/comercio-exterior-america-esp\/images\/ban\/spain.jpg\" \/>   &#8220;<strong>Crear riqueza y empleo exige exportar, invertir e instalarse en el exterior<\/strong>&#8220;. Con estas palabras el presidente de la C\u00e1mara de Comercio, Antonio Ponce, quiso animar a los <strong>empresarios de las pymes onubenses a que se introduzcan en el proceso de internacionalizaci\u00f3n<\/strong>, &#8220;esencial para el <strong>desarrollo competitivo de las empresas<\/strong>&#8220;. <!--more-->Ponce hac\u00eda estas declaraciones durante la inauguraci\u00f3n de las <strong>Jornadas<\/strong> &#8216;Transporte <strong>en la exportaci\u00f3n: problemas, costes y documentos&#8217;<\/strong>, organizadas por el <strong>Instituto de Comercio Exterior (ICEX)<\/strong> y la <strong>C\u00e1mara de Comercio de Huelva<\/strong>, en la que han participado unos cincuenta empresarios. En la misma l\u00ednea se manifest\u00f3 el director del <strong>Centro de Informaci\u00f3n y Documentaci\u00f3n del ICEX<\/strong> en Andaluc\u00eda, Antonio Arias, quien asegur\u00f3 que &#8220;nunca antes en la historia de <strong>Espa\u00f1a ha sido m\u00e1s f\u00e1cil exportar<\/strong>, algo debido principalmente a la concienciaci\u00f3n que se ha producido tanto por parte de instituciones como de empresarios&#8221;. As\u00ed, asegur\u00f3 que la creaci\u00f3n de instituciones de \u00e1mbito nacional como el propio <strong>ICEX<\/strong>, de \u00e1mbito regional como <strong>Extenda en Andaluc\u00eda<\/strong> o incluso en el seno de las diferentes <strong>asociaciones de empresarios<\/strong> dedicadas a <strong>incentivar el comercio exterior<\/strong>, es otro buen ejemplo de esa concienciaci\u00f3n.<\/p>\n<p>Seg\u00fan Arias, las propias empresas &#8220;se han dado cuenta de la necesidad de adaptaci\u00f3n ya que han de <strong>competir en el mercado exterior<\/strong> con firmas de la UE que entraron en el <strong>mundo de la internacionalizaci\u00f3n<\/strong> mucho antes que nosotros&#8221;.<\/p>\n<p>Pero, como apunt\u00f3 Ponce, antes de <strong>salir al exterior<\/strong> es necesario <strong>analizar los mercados m\u00e1s atractivos para los productos<\/strong>, estudiar sus dimensiones, consumo, evoluci\u00f3n y econom\u00eda, as\u00ed como su estructura y las barreras que las pymes se puedan encontrar, &#8220;porque un buen an\u00e1lisis ayudar\u00e1 a ahorrar costes y a realizar una eficaz labor de promoci\u00f3n&#8221;. Y en ese contexto se enmarcan las jornadas que se celebraron durante el d\u00eda de ayer en la C\u00e1mara y que se centraron en la elecci\u00f3n del medio de que se utilice para trasladar la mercanc\u00eda es un elemento esencial en la <strong>actividad exportadora de cualquier empresa<\/strong>, no s\u00f3lo desde el punto de vista del producto, sino tambi\u00e9n por las circunstancias del mercado de destino. Y en este sentido, se apunt\u00f3 a la idoneidad del transporte por carretera, por los costes y el tiempo que requiere <strong>para poder sacar al exterior los productos que las pymes onubenses exportan<\/strong>. As\u00ed lo manifest\u00f3, Carlos Artero, experto en log\u00edstica y transporte internacional, quien apunt\u00f3 que en el caso de Huelva, que exporta fundamentalmente productos hortofrut\u00edcolas, el transporte por carretera es el m\u00e1s adecuado, porque permite que la mercanc\u00eda llegue en condiciones de calidad y porque &#8220;de momento&#8221; es el medio que menos problemas plantea en las fronteras. Huelva Informaci\u00f3n<\/p>\n","protected":false},"excerpt":{"rendered":"<p>La C\u00e1mara de Comercio acoge la celebraci\u00f3n de unas jornadas para analizar los problemas y costes del transporte en la exportaci\u00f3n. &#8220;Crear riqueza y empleo exige exportar, invertir e instalarse en el exterior&#8220;. Con estas palabras el presidente de la<span class=\"ellipsis\">&hellip;<\/span><\/p>\n<div class=\"read-more\"><a href=\"https:\/\/www.exportapymes.com\/comercio-exterior-america-esp\/la-camara-de-comercio-de-huelva-anima-a-las-pymes-a-internacionalizarse\/\">Leer m&aacute;s &#8250;<\/a><\/div>\n<p><!-- end of .read-more --><\/p>\n","protected":false},"author":1,"featured_media":0,"comment_status":"open","ping_status":"open","sticky":false,"template":"","format":"standard","meta":{"footnotes":""},"categories":[22],"tags":[],"class_list":["post-261","post","type-post","status-publish","format-standard","hentry","category-espana"],"_links":{"self":[{"href":"https:\/\/www.exportapymes.com\/comercio-exterior-america-esp\/wp-json\/wp\/v2\/posts\/261","targetHints":{"allow":["GET"]}}],"collection":[{"href":"https:\/\/www.exportapymes.com\/comercio-exterior-america-esp\/wp-json\/wp\/v2\/posts"}],"about":[{"href":"https:\/\/www.exportapymes.com\/comercio-exterior-america-esp\/wp-json\/wp\/v2\/types\/post"}],"author":[{"embeddable":true,"href":"https:\/\/www.exportapymes.com\/comercio-exterior-america-esp\/wp-json\/wp\/v2\/users\/1"}],"replies":[{"embeddable":true,"href":"https:\/\/www.exportapymes.com\/comercio-exterior-america-esp\/wp-json\/wp\/v2\/comments?post=261"}],"version-history":[{"count":0,"href":"https:\/\/www.exportapymes.com\/comercio-exterior-america-esp\/wp-json\/wp\/v2\/posts\/261\/revisions"}],"wp:attachment":[{"href":"https:\/\/www.exportapymes.com\/comercio-exterior-america-esp\/wp-json\/wp\/v2\/media?parent=261"}],"wp:term":[{"taxonomy":"category","embeddable":true,"href":"https:\/\/www.exportapymes.com\/comercio-exterior-america-esp\/wp-json\/wp\/v2\/categories?post=261"},{"taxonomy":"post_tag","embeddable":true,"href":"https:\/\/www.exportapymes.com\/comercio-exterior-america-esp\/wp-json\/wp\/v2\/tags?post=261"}],"curies":[{"name":"wp","href":"https:\/\/api.w.org\/{rel}","templated":true}]}}