{"id":279,"date":"2006-04-17T16:34:35","date_gmt":"2006-04-17T23:34:35","guid":{"rendered":"http:\/\/www.exportapymes.com\/comercio-exterior-america-esp\/peru-exporta-productos-agroindustriales-a-alemania-por-valor-de-unos-us-30-millones\/"},"modified":"2006-04-22T16:57:51","modified_gmt":"2006-04-22T23:57:51","slug":"como-empezar-a-exportar","status":"publish","type":"post","link":"https:\/\/www.exportapymes.com\/comercio-exterior-america-esp\/como-empezar-a-exportar\/","title":{"rendered":"C\u00f3mo empezar a exportar"},"content":{"rendered":"<p>Asturias, Oviedo 18\/04\/06<br \/>\n<strong>El seminario<\/strong> tiene por objeto argumentar las razones por las que es necesario <strong>salir a los mercados exteriores<\/strong> en el <strong>contexto actual de globalizaci\u00f3n<\/strong>.<br \/>\n<img decoding=\"async\" src=\"http:\/\/www.exportapymes.com\/comercio-exterior-america-esp\/images\/ban\/spain.jpg\" \/>   Ese marco, en el que se desenvuelven las <strong>relaciones comerciales<\/strong> en la actualidad, obliga a las empresas a iniciarse en el conocimiento y puesta en pr\u00e1ctica de los <strong>procesos de exportaci\u00f3n<\/strong> necesarios para desarrollar sus<!--more-->actividades en el <strong>\u00e1mbito interna<\/strong>cional, que afectan a la propia <strong>organizaci\u00f3n de la empresa<\/strong> y a sus <strong>estrategias<\/strong> y pol\u00edticas en materia de <strong>selecci\u00f3n de mercados<\/strong>, personal, <strong>desarrollo de productos<\/strong>, <strong>distribuci\u00f3n<\/strong>, <strong>comunicaci\u00f3n<\/strong> y gesti\u00f3n de pedidos, entre otras. <\/p>\n<p><em>Lugar de celebraci\u00f3n<\/em><br \/>\nC\u00e1mara de Comercio Industria y Navegaci\u00f3n de Oviedo<br \/>\nQuintana, 32   Sal\u00f3n de actos<br \/>\nOVIEDO  33009  ASTURIAS<br \/>\n<strong>Asistencia gratuita<\/strong>     <\/p>\n<p>PROGRAMA:<\/p>\n<p>9,30 RECEPCI\u00d3N DE ASISTENTES<\/p>\n<p>9,45 APERTURA<br \/>\nJos\u00e9 Ram\u00f3n Herreros de las Cuevas<br \/>\n<strong>Director Territorial de Comercio Delegado del ICEX<\/strong><strong> <\/strong>10,00 MOTIVACION <strong>\u00bfPOR QU\u00c9 HAY QUE EXPORTAR?<br \/>\n<\/strong>&#8211; Implicaciones del actual marco de las <strong>relaciones comerciales internacionales<\/strong> sobre la <strong>estrategia empresarial<\/strong><strong>10,45 LOS PRIMEROS PASOS<br \/>\n&#8211; <strong>La misi\u00f3n de la<\/strong> <strong>direcci\u00f3n en la estrategia de exportaci\u00f3n<br \/>\n<\/strong>&#8211; Selecci\u00f3n de Mercados<br \/>\n&#8211; Fuentes de informaci\u00f3n<br \/>\n&#8211; Selecci\u00f3n del personal necesario<br \/>\n&#8211; Formaci\u00f3n del responsable de exportaci\u00f3n<br \/>\n&#8211; Presupuesto<br \/>\n&#8211; Necesidad de implicar a todo el personal en el proyecto<\/p>\n<p><\/strong>10,45 LOS PRIMEROS PASOS-  &#8211; Selecci\u00f3n de Mercados- Fuentes de informaci\u00f3n- Selecci\u00f3n del personal necesario- Formaci\u00f3n del responsable de exportaci\u00f3n- Presupuesto- Necesidad de implicar a todo el personal en el proyecto11,30 Pausa-caf\u00e9<\/p>\n<p>11,45 DESARROLLO DEL PRODUCTO Y SELECCI\u00d3N DE CANALES DE DISTRIBUCI\u00d3N<br \/>\n&#8211; Desarrollo del producto y, en su caso, adaptaci\u00f3n al mercado<br \/>\n&#8211; Selecci\u00f3n del distribuidor<br \/>\n&#8211; Preparaci\u00f3n de la log\u00edstica<\/p>\n<p>12,30 COMUNICACI\u00d3N, PROMOCI\u00d3N Y VENTA<br \/>\n&#8211; Imagen de la empresa<br \/>\n&#8211; Promoci\u00f3n del producto<br \/>\n&#8211; Gesti\u00f3n de pedidos<\/p>\n<p>13,30 DEBATE-COLOQUIO<\/p>\n<p>14,00 CLAUSURA<br \/>\nSeverino Garc\u00eda Vig\u00f3n. Presidente de la C\u00e1mara de Comercio, Industria y Navegaci\u00f3n de Oviedo<br \/>\nPonente: Diego Pitarch<br \/>\nIngeniero Industrial de Consumer Co.<\/p>\n<p><strong>Instituto Espa\u00f1ol de Comercio Exterior (ICEX)<\/strong><\/p>\n","protected":false},"excerpt":{"rendered":"<p>Asturias, Oviedo 18\/04\/06 El seminario tiene por objeto argumentar las razones por las que es necesario salir a los mercados exteriores en el contexto actual de globalizaci\u00f3n. Ese marco, en el que se desenvuelven las relaciones comerciales en la actualidad,<span class=\"ellipsis\">&hellip;<\/span><\/p>\n<div class=\"read-more\"><a href=\"https:\/\/www.exportapymes.com\/comercio-exterior-america-esp\/como-empezar-a-exportar\/\">Leer m&aacute;s &#8250;<\/a><\/div>\n<p><!-- end of .read-more --><\/p>\n","protected":false},"author":1,"featured_media":0,"comment_status":"open","ping_status":"open","sticky":false,"template":"","format":"standard","meta":{"footnotes":""},"categories":[22],"tags":[],"class_list":["post-279","post","type-post","status-publish","format-standard","hentry","category-espana"],"_links":{"self":[{"href":"https:\/\/www.exportapymes.com\/comercio-exterior-america-esp\/wp-json\/wp\/v2\/posts\/279","targetHints":{"allow":["GET"]}}],"collection":[{"href":"https:\/\/www.exportapymes.com\/comercio-exterior-america-esp\/wp-json\/wp\/v2\/posts"}],"about":[{"href":"https:\/\/www.exportapymes.com\/comercio-exterior-america-esp\/wp-json\/wp\/v2\/types\/post"}],"author":[{"embeddable":true,"href":"https:\/\/www.exportapymes.com\/comercio-exterior-america-esp\/wp-json\/wp\/v2\/users\/1"}],"replies":[{"embeddable":true,"href":"https:\/\/www.exportapymes.com\/comercio-exterior-america-esp\/wp-json\/wp\/v2\/comments?post=279"}],"version-history":[{"count":0,"href":"https:\/\/www.exportapymes.com\/comercio-exterior-america-esp\/wp-json\/wp\/v2\/posts\/279\/revisions"}],"wp:attachment":[{"href":"https:\/\/www.exportapymes.com\/comercio-exterior-america-esp\/wp-json\/wp\/v2\/media?parent=279"}],"wp:term":[{"taxonomy":"category","embeddable":true,"href":"https:\/\/www.exportapymes.com\/comercio-exterior-america-esp\/wp-json\/wp\/v2\/categories?post=279"},{"taxonomy":"post_tag","embeddable":true,"href":"https:\/\/www.exportapymes.com\/comercio-exterior-america-esp\/wp-json\/wp\/v2\/tags?post=279"}],"curies":[{"name":"wp","href":"https:\/\/api.w.org\/{rel}","templated":true}]}}