{"id":287,"date":"2006-04-17T18:18:33","date_gmt":"2006-04-18T01:18:33","guid":{"rendered":"http:\/\/www.exportapymes.com\/comercio-exterior-america-esp\/sector-informatico-sera-beneficiado-por-tlc-con-estados-unidos\/"},"modified":"2006-04-17T18:18:33","modified_gmt":"2006-04-18T01:18:33","slug":"sector-informatico-sera-beneficiado-por-tlc-con-estados-unidos","status":"publish","type":"post","link":"https:\/\/www.exportapymes.com\/comercio-exterior-america-esp\/sector-informatico-sera-beneficiado-por-tlc-con-estados-unidos\/","title":{"rendered":"Sector inform\u00e1tico ser\u00e1 beneficiado por TLC con Estados Unidos"},"content":{"rendered":"<p>Los empresarios del sector de la <strong>inform\u00e1tica previeron que el Tratado de Libre Comercio (TLC)<\/strong>, que Colombia termin\u00f3 de negociar con Estados Unidos, generar\u00e1 grandes oportunidades de desarrollo de la industria local.<br \/>\n<img decoding=\"async\" src=\"http:\/\/www.exportapymes.com\/comercio-exterior-america-esp\/images\/ban\/colombia.jpg\" \/>   M\u00e1s de 200 <strong>empresarios de empresas multinacionales y nacionales de computaci\u00f3n y tecnolog\u00eda<\/strong> participaron en un foro celebrado en Bogot\u00e1 para debatir el futuro en Colombia de \u00e1reas como la movilidad y la empresa digital.<!--more-->Afirmaron que este pa\u00eds se ha ubicado despu\u00e9s de M\u00e9xico y Brasil como el de mayor potencial y desarrollo en materia inform\u00e1tica.<\/p>\n<p>Colombia termin\u00f3 el mes pasado la negociaci\u00f3n del TLC que hab\u00eda comenzado en mayo del 2004 y se prev\u00e9 que el acuerdo entre en vigor en el 2007.<\/p>\n<p>El gerente de Intel para el \u00e1rea andina, Centroam\u00e9rica y el Caribe, Ricardo Olarte, declar\u00f3 a EFE que el TLC &#8220;en lugar de afectar, abre grandes <strong>oportunidades para el desarrollo<\/strong> de la industria local de integraci\u00f3n de computadores&#8221;.<\/p>\n<p>Olarte destac\u00f3 la pr\u00f3xima entrada de la tecnolog\u00eda de conexi\u00f3n inal\u00e1mbrica Wimax en el pa\u00eds luego de que la computaci\u00f3n m\u00f3vil superara en el mundo a la de escritorio.<\/p>\n<p>&#8220;La tecnolog\u00eda que integra la computaci\u00f3n m\u00f3vil, inal\u00e1mbrica, liviana, m\u00e1s duraci\u00f3n de bater\u00eda, mejor dise\u00f1o y desempe\u00f1o para ese mundo de port\u00e1tiles, hace que hoy esa tendencia se cumpla&#8221;, dijo.<\/p>\n<p>Intel present\u00f3 esta semana en Colombia el microprocesador Core Duo que genera ahorros de energ\u00eda de un 40 por ciento al tiempo que multiplica en ese mismo porcentaje el desempe\u00f1o Olarte explic\u00f3 que se trata de la primera plataforma para computadoras port\u00e1tiles de doble n\u00facleo (dual-core).<\/p>\n<p>Afirm\u00f3 que en el 2008 los procesadores tendr\u00e1n diez veces m\u00e1s rendimiento que en el 2000.<\/p>\n<p>Seg\u00fan encuestas hechas en los pa\u00edses latinoamericanos, un 34 por ciento del p\u00fablico querr\u00eda llevarse en sus pr\u00f3ximas vacaciones una computadora port\u00e1til por razones de productividad, de contacto por correo electr\u00f3nico y entretenimiento. EFECOM<\/p>\n","protected":false},"excerpt":{"rendered":"<p>Los empresarios del sector de la inform\u00e1tica previeron que el Tratado de Libre Comercio (TLC), que Colombia termin\u00f3 de negociar con Estados Unidos, generar\u00e1 grandes oportunidades de desarrollo de la industria local. M\u00e1s de 200 empresarios de empresas multinacionales y<span class=\"ellipsis\">&hellip;<\/span><\/p>\n<div class=\"read-more\"><a href=\"https:\/\/www.exportapymes.com\/comercio-exterior-america-esp\/sector-informatico-sera-beneficiado-por-tlc-con-estados-unidos\/\">Leer m&aacute;s &#8250;<\/a><\/div>\n<p><!-- end of .read-more --><\/p>\n","protected":false},"author":1,"featured_media":0,"comment_status":"open","ping_status":"open","sticky":false,"template":"","format":"standard","meta":{"footnotes":""},"categories":[5],"tags":[],"class_list":["post-287","post","type-post","status-publish","format-standard","hentry","category-colombia"],"_links":{"self":[{"href":"https:\/\/www.exportapymes.com\/comercio-exterior-america-esp\/wp-json\/wp\/v2\/posts\/287","targetHints":{"allow":["GET"]}}],"collection":[{"href":"https:\/\/www.exportapymes.com\/comercio-exterior-america-esp\/wp-json\/wp\/v2\/posts"}],"about":[{"href":"https:\/\/www.exportapymes.com\/comercio-exterior-america-esp\/wp-json\/wp\/v2\/types\/post"}],"author":[{"embeddable":true,"href":"https:\/\/www.exportapymes.com\/comercio-exterior-america-esp\/wp-json\/wp\/v2\/users\/1"}],"replies":[{"embeddable":true,"href":"https:\/\/www.exportapymes.com\/comercio-exterior-america-esp\/wp-json\/wp\/v2\/comments?post=287"}],"version-history":[{"count":0,"href":"https:\/\/www.exportapymes.com\/comercio-exterior-america-esp\/wp-json\/wp\/v2\/posts\/287\/revisions"}],"wp:attachment":[{"href":"https:\/\/www.exportapymes.com\/comercio-exterior-america-esp\/wp-json\/wp\/v2\/media?parent=287"}],"wp:term":[{"taxonomy":"category","embeddable":true,"href":"https:\/\/www.exportapymes.com\/comercio-exterior-america-esp\/wp-json\/wp\/v2\/categories?post=287"},{"taxonomy":"post_tag","embeddable":true,"href":"https:\/\/www.exportapymes.com\/comercio-exterior-america-esp\/wp-json\/wp\/v2\/tags?post=287"}],"curies":[{"name":"wp","href":"https:\/\/api.w.org\/{rel}","templated":true}]}}