{"id":31,"date":"2006-02-07T17:57:48","date_gmt":"2006-02-07T22:57:48","guid":{"rendered":"http:\/\/www.exportapymes.com\/comercio-exterior-america-esp\/un-amplio-plan-de-actividades-en-comercio-exterior-pone-en-marcha-cecam\/"},"modified":"2006-02-07T17:57:48","modified_gmt":"2006-02-07T22:57:48","slug":"un-amplio-plan-de-actividades-en-comercio-exterior-pone-en-marcha-cecam","status":"publish","type":"post","link":"https:\/\/www.exportapymes.com\/comercio-exterior-america-esp\/un-amplio-plan-de-actividades-en-comercio-exterior-pone-en-marcha-cecam\/","title":{"rendered":"Un amplio plan de actividades en comercio exterior pone en marcha CECAM"},"content":{"rendered":"<p>La <strong>Confederaci\u00f3n Regional de Empresarios de Castilla-La Mancha<\/strong> (<strong>CECAM CEOE-CEPYME Castilla-La Mancha<\/strong>), conjuntamente con sus cinco organizaciones empresariales provinciales y continuando con la tarea emprendida hace casi dos a\u00f1os, est\u00e1 preparando para el presente ejercicio un amplio y diverso plan de actividades en materia de <strong>Comercio Exterior<\/strong>, en aspectos tales como informaci\u00f3n, promoci\u00f3n, formaci\u00f3n y mejora de imagen y publicidad<br \/>\n<img decoding=\"async\" src=\"http:\/\/www.exportapymes.com\/comercio-exterior-america-esp\/images\/ban\/spain.jpg\" \/><!--more--><\/p>\n<div>\n<p class=\"MsoBodyText\" style=\"line-height: normal\">En lo que respecta a la promoci\u00f3n de las empresas en otros mercados, durante este a\u00f1o, junto a la asistencia a Ferias Internacionales, CECAM se ha fijado la ejecuci\u00f3n de varias misiones comerciales que tendr\u00e1n como destino tanto nuevos pa\u00edses que hasta ahora no hab\u00edan sido abordados por la organizaci\u00f3n empresarial, como es el caso de Brasil, Rep\u00fablica Checa, Rusia y M\u00e9xico, as\u00ed como pa\u00edses que han sido ya visitados pero por el inter\u00e9s suscitado entre el empresariado castellano-manchego, se vuelven a incluir en la agenda de delegaciones comerciales organizadas para 2006.<\/p>\n<p>El actual escenario econ\u00f3mico, marcado por la presencia de nuevos mercados que presentan la oportunidad de comercializar y ofertar los productos y servicios de las empresas que existen en nuestra regi\u00f3n, hace que desde CECAM se plantee como una tarea fundamental dar a conocer las posibilidades que existen para nuestras empresas en otros pa\u00edses.<\/p>\n<p>La primera misi\u00f3n comercial del presente a\u00f1o tendr\u00e1 como destino Sao Paulo (Brasil), y est\u00e1 prevista para el pr\u00f3ximo mes de marzo. Este pa\u00eds sudamericano es uno de los siete que el Gobierno espa\u00f1ol y CEOE han considerado como prioritario para fomentar las relaciones econ\u00f3micas y comerciales, para cuyo impulso ha puesto en funcionamiento Planes Integrales de Desarrollo de Mercados. Para las empresas castellano-manchegas de sectores como productos agroalimentarios y tecnolog\u00eda media constituye un mercado muy favorable para sus exportaciones.<\/p>\n<p>La formaci\u00f3n ser\u00e1 impartida a trav\u00e9s de cursos especializados, jornadas informativas y seminarios, que se llevar\u00e1n a cabo a lo largo de todo el territorio regional, y en cuyas sesiones se tratar\u00e1n aspectos relevantes para el <strong>comercio exterior<\/strong>, como la <strong>Negociaci\u00f3n Internacional<\/strong>, Dep\u00f3sitos Aduaneros o Barreras no arancelarias entre otros, adem\u00e1s de los que puedan considerarse interesantes para los empresarios de la regi\u00f3n que decidan <strong>internacionalizar sus negocios<\/strong>.<\/p>\n<p>Junto a estas actividades, CECAM est\u00e1 preparando dos publicaciones que versaran, sobre <em>\u00bf<strong>C\u00f3mo seleccionar los mejores mercados para la empresa exportadora<\/strong>?<\/em> y la <em><strong>Potenciaci\u00f3n de su Actividad Exportadora a trav\u00e9s de Internet<\/strong><\/em>, que se editar\u00e1n en breve y que estar\u00e1n disponibles para cualquier empresa interesada por abordar nuevos mercados.<br \/>\nLa Cr\u00f3nica de Guadalajara<\/div>\n","protected":false},"excerpt":{"rendered":"<p>La Confederaci\u00f3n Regional de Empresarios de Castilla-La Mancha (CECAM CEOE-CEPYME Castilla-La Mancha), conjuntamente con sus cinco organizaciones empresariales provinciales y continuando con la tarea emprendida hace casi dos a\u00f1os, est\u00e1 preparando para el presente ejercicio un amplio y diverso plan<span class=\"ellipsis\">&hellip;<\/span><\/p>\n<div class=\"read-more\"><a href=\"https:\/\/www.exportapymes.com\/comercio-exterior-america-esp\/un-amplio-plan-de-actividades-en-comercio-exterior-pone-en-marcha-cecam\/\">Leer m&aacute;s &#8250;<\/a><\/div>\n<p><!-- end of .read-more --><\/p>\n","protected":false},"author":1,"featured_media":0,"comment_status":"open","ping_status":"open","sticky":false,"template":"","format":"standard","meta":{"footnotes":""},"categories":[22],"tags":[],"class_list":["post-31","post","type-post","status-publish","format-standard","hentry","category-espana"],"_links":{"self":[{"href":"https:\/\/www.exportapymes.com\/comercio-exterior-america-esp\/wp-json\/wp\/v2\/posts\/31","targetHints":{"allow":["GET"]}}],"collection":[{"href":"https:\/\/www.exportapymes.com\/comercio-exterior-america-esp\/wp-json\/wp\/v2\/posts"}],"about":[{"href":"https:\/\/www.exportapymes.com\/comercio-exterior-america-esp\/wp-json\/wp\/v2\/types\/post"}],"author":[{"embeddable":true,"href":"https:\/\/www.exportapymes.com\/comercio-exterior-america-esp\/wp-json\/wp\/v2\/users\/1"}],"replies":[{"embeddable":true,"href":"https:\/\/www.exportapymes.com\/comercio-exterior-america-esp\/wp-json\/wp\/v2\/comments?post=31"}],"version-history":[{"count":0,"href":"https:\/\/www.exportapymes.com\/comercio-exterior-america-esp\/wp-json\/wp\/v2\/posts\/31\/revisions"}],"wp:attachment":[{"href":"https:\/\/www.exportapymes.com\/comercio-exterior-america-esp\/wp-json\/wp\/v2\/media?parent=31"}],"wp:term":[{"taxonomy":"category","embeddable":true,"href":"https:\/\/www.exportapymes.com\/comercio-exterior-america-esp\/wp-json\/wp\/v2\/categories?post=31"},{"taxonomy":"post_tag","embeddable":true,"href":"https:\/\/www.exportapymes.com\/comercio-exterior-america-esp\/wp-json\/wp\/v2\/tags?post=31"}],"curies":[{"name":"wp","href":"https:\/\/api.w.org\/{rel}","templated":true}]}}