{"id":338,"date":"2006-04-28T22:21:48","date_gmt":"2006-04-29T05:21:48","guid":{"rendered":"http:\/\/www.exportapymes.com\/comercio-exterior-america-esp\/buscan-exportacion-de-productos-organicos-costarricences-hacia-alemania\/"},"modified":"2006-04-28T22:21:48","modified_gmt":"2006-04-29T05:21:48","slug":"buscan-exportacion-de-productos-organicos-costarricences-hacia-alemania","status":"publish","type":"post","link":"https:\/\/www.exportapymes.com\/comercio-exterior-america-esp\/buscan-exportacion-de-productos-organicos-costarricences-hacia-alemania\/","title":{"rendered":"Buscan exportaci\u00f3n de productos org\u00e1nicos costarricences hacia Alemania"},"content":{"rendered":"<p>Con el apoyo de la <strong>Cooperaci\u00f3n T\u00e9cnica Alemana (GTZ)<\/strong> varias organizaciones de Costa Rica buscan <strong>alianzas estrat\u00e9gicas<\/strong> con firmas alemanas para <strong>aumentar sus ventas de productos org\u00e1nicos<\/strong> en esa naci\u00f3n europea.<br \/>\n<img decoding=\"async\" src=\"http:\/\/www.exportapymes.com\/comercio-exterior-america-esp\/images\/ban\/costa_rica.jpg\" \/>   &#8220;El problema principal es la <strong>comercializaci\u00f3n<\/strong>, por eso estamos haciendo <strong>contactos comerciales<\/strong>. La globalizaci\u00f3n abre opciones para pa\u00edses como <!--more-->Costa Rica que ha crecido en el sector org\u00e1nico&#8221;, dijo el jueves el coordinador regional del proyecto de <strong>GTZ<\/strong>, Ulrich Roettger.<\/p>\n<p>La entidad organiza, junto a la <strong>Promotora de Comercio Exterior<\/strong> y el ministerio de Agricultura, una capacitaci\u00f3n para empresarios de ambos pa\u00edses con el prop\u00f3sito de que intercambien informaci\u00f3n sobre legislaci\u00f3n, <strong>requisitos de mercado<\/strong> y tipos de productos.<\/p>\n<p>Resalt\u00f3 la participaci\u00f3n de la<strong> Asociaci\u00f3n de Comercio Exterior y Mayorista de Alemania<\/strong> as\u00ed como la Asociaci\u00f3n de Comercio e Inspecci\u00f3n de Hamburgo que representan cerca de un 30% de las<strong> compa\u00f1\u00edas comercializadoras alemanas<\/strong>.<\/p>\n<p>&#8220;Nos interesa que los empresarios alemanes conozcan productos ex\u00f3ticos como macadamia y aceites esenciales de c\u00edtricos para la industria cosm\u00e9tica&#8221;, agreg\u00f3 la coordinadora del proyecto en Costa Rica Dayra Machado.<\/p>\n<p>Aclar\u00f3 que el plan, que arranc\u00f3 en el 2005, es parte de una iniciativa regional que involucra tambi\u00e9n a Ecuador y Per\u00fa. Datos oficiales indican que Costa Rica cuenta con m\u00e1s de 11.000 hect\u00e1reas de <strong>producci\u00f3n org\u00e1nica<\/strong> y un 90% est\u00e1 en manos de <strong>peque\u00f1os productores<\/strong> principalmente en la zona norte y sur.<\/p>\n<p>La <strong>exportaci\u00f3n<\/strong> ronda los cinco millones de d\u00f3lares con destino a Estados Unidos y Europa principalmente.<\/p>\n<p>&#8220;El pa\u00eds ha hecho esfuerzos de <strong>promoci\u00f3n<\/strong> como tener presencia constante en la Feria Alemana Biofach que agrupa a unos 18.000 expositores del sector de todo el mundo&#8221;, expres\u00f3. Associated Press<\/p>\n","protected":false},"excerpt":{"rendered":"<p>Con el apoyo de la Cooperaci\u00f3n T\u00e9cnica Alemana (GTZ) varias organizaciones de Costa Rica buscan alianzas estrat\u00e9gicas con firmas alemanas para aumentar sus ventas de productos org\u00e1nicos en esa naci\u00f3n europea. &#8220;El problema principal es la comercializaci\u00f3n, por eso estamos<span class=\"ellipsis\">&hellip;<\/span><\/p>\n<div class=\"read-more\"><a href=\"https:\/\/www.exportapymes.com\/comercio-exterior-america-esp\/buscan-exportacion-de-productos-organicos-costarricences-hacia-alemania\/\">Leer m&aacute;s &#8250;<\/a><\/div>\n<p><!-- end of .read-more --><\/p>\n","protected":false},"author":1,"featured_media":0,"comment_status":"open","ping_status":"open","sticky":false,"template":"","format":"standard","meta":{"footnotes":""},"categories":[6],"tags":[],"class_list":["post-338","post","type-post","status-publish","format-standard","hentry","category-costa-rica"],"_links":{"self":[{"href":"https:\/\/www.exportapymes.com\/comercio-exterior-america-esp\/wp-json\/wp\/v2\/posts\/338","targetHints":{"allow":["GET"]}}],"collection":[{"href":"https:\/\/www.exportapymes.com\/comercio-exterior-america-esp\/wp-json\/wp\/v2\/posts"}],"about":[{"href":"https:\/\/www.exportapymes.com\/comercio-exterior-america-esp\/wp-json\/wp\/v2\/types\/post"}],"author":[{"embeddable":true,"href":"https:\/\/www.exportapymes.com\/comercio-exterior-america-esp\/wp-json\/wp\/v2\/users\/1"}],"replies":[{"embeddable":true,"href":"https:\/\/www.exportapymes.com\/comercio-exterior-america-esp\/wp-json\/wp\/v2\/comments?post=338"}],"version-history":[{"count":0,"href":"https:\/\/www.exportapymes.com\/comercio-exterior-america-esp\/wp-json\/wp\/v2\/posts\/338\/revisions"}],"wp:attachment":[{"href":"https:\/\/www.exportapymes.com\/comercio-exterior-america-esp\/wp-json\/wp\/v2\/media?parent=338"}],"wp:term":[{"taxonomy":"category","embeddable":true,"href":"https:\/\/www.exportapymes.com\/comercio-exterior-america-esp\/wp-json\/wp\/v2\/categories?post=338"},{"taxonomy":"post_tag","embeddable":true,"href":"https:\/\/www.exportapymes.com\/comercio-exterior-america-esp\/wp-json\/wp\/v2\/tags?post=338"}],"curies":[{"name":"wp","href":"https:\/\/api.w.org\/{rel}","templated":true}]}}