{"id":342,"date":"2006-04-29T12:04:29","date_gmt":"2006-04-29T19:04:29","guid":{"rendered":"http:\/\/www.exportapymes.com\/comercio-exterior-america-esp\/empresas-centroamericanas-firman-convenio-de-cooperacion-con-china\/"},"modified":"2006-04-29T12:04:29","modified_gmt":"2006-04-29T19:04:29","slug":"empresas-centroamericanas-firman-convenio-de-cooperacion-con-china","status":"publish","type":"post","link":"https:\/\/www.exportapymes.com\/comercio-exterior-america-esp\/empresas-centroamericanas-firman-convenio-de-cooperacion-con-china\/","title":{"rendered":"Empresas centroamericanas firman convenio de cooperaci\u00f3n con China"},"content":{"rendered":"<p>Una delegaci\u00f3n de 110 empresas centroamericanas, de visita en China por iniciativa del proyecto empresarial costarricense &#8216;China Ya&#8217;, firm\u00f3 hoy en Pek\u00edn un acuerdo de cooperaci\u00f3n con una Instituci\u00f3n de China, pa\u00eds que no tiene relaciones diplom\u00e1ticas con Centroam\u00e9rica.<br \/>\n<img decoding=\"async\" src=\"http:\/\/www.exportapymes.com\/comercio-exterior-america-esp\/images\/ban\/centroamerica.jpg\" \/>   Los directores de &#8216;China Ya&#8217; -Fabio Piedra, Sergio Navas y Javier Berrocal- suscribieron el convenio con responsables del <strong>Consejo Chino para la Promoci\u00f3n del Comercio Internacional<\/strong> (<strong>CCPIT<\/strong>, siglas en ingl\u00e9s).<!--more-->El acto es uno de los principales que la voluminosa delegaci\u00f3n, la m\u00e1s grande de Centroam\u00e9rica nunca antes presente en China y la que trae a representantes de un mayor n\u00famero de pa\u00edses de la regi\u00f3n (Guatemala, Honduras, El Salvador, Nicaragua, Panam\u00e1, adem\u00e1s de Colombia).<\/p>\n<p>La delegaci\u00f3n comenz\u00f3 su visita a China en Cant\u00f3n (sur), donde particip\u00f3 en la reciente 99 <strong>Feria de la Exportaci\u00f3n<\/strong> de esa ciudad, y posteriormente viaj\u00f3 a Shanghai para reunirse con la comunidad empresarial de la &#8216;Perla de Oriente&#8217;.<\/p>\n<p>&#8216;El viaje ha sido un \u00e9xito rotundo, se han firmado contratos ventajos\u00edsimos&#8217;, destac\u00f3 Navas en calidad de vicepresidente de la <strong>C\u00e1mara de Exportadores de Costa Rica<\/strong>.<\/p>\n<p>La delegaci\u00f3n tambi\u00e9n se reunir\u00e1 en Pek\u00edn con directivos de la C\u00e1mara de Comercio de China, visitar\u00e1 varios parques industriales de la capital y tienen previsto un encuentro con responsables de la <strong>C\u00e1mara de Comercio de Espa\u00f1a en Pek\u00edn<\/strong> para &#8216;compartir experiencias&#8217;.<\/p>\n<p>El viaje llama la atenci\u00f3n por el hecho de que la mayor\u00eda de los empresarios -exceptuando los colombianos- son de pa\u00edses que no tienen relaciones diplom\u00e1ticas con China y s\u00ed con Taiw\u00e1n, aunque los responsables de la delegaci\u00f3n insistieron en el car\u00e1cter &#8216;meramente comercial&#8217; de la iniciativa, sin segundas intenciones.<\/p>\n<p>&#8216;Hay dos tipos de empresarios, uno es el que est\u00e1 acostumbrado a que el Gobierno les abra las puertas, pero nosotros vamos por delante&#8217;, destac\u00f3 Navas.<\/p>\n<p>Los empresarios recordaron no obstante que el reci\u00e9n elegido presidente costarricense, Oscar Arias, prometi\u00f3 la apertura de una oficina comercial de Costa Rica en China.<\/p>\n<p>El programa &#8216;China Ya&#8217; es impulsado conjuntamente por el Centro de Inteligencia sobre Mercados Sostenibles (CIMS, ligado a la escuela de negocios INCAE y la <strong>C\u00e1mara de Exportadores de Costa Rica<\/strong> (<strong>Cadexco<\/strong>), con presencia de cargos de la <strong>C\u00e1mara de Comercio Exterior<\/strong> (<strong>Procomer<\/strong>).<\/p>\n<p>La iniciativa prev\u00e9 organizar una nueva delegaci\u00f3n empresarial centroamericana el pr\u00f3ximo mes de octubre, con ocasi\u00f3n de la celebraci\u00f3n del &#8216;centenario&#8217; de la bianual feria de la <strong>Exportaci\u00f3n de Cant\u00f3n<\/strong>. EFE<\/p>\n","protected":false},"excerpt":{"rendered":"<p>Una delegaci\u00f3n de 110 empresas centroamericanas, de visita en China por iniciativa del proyecto empresarial costarricense &#8216;China Ya&#8217;, firm\u00f3 hoy en Pek\u00edn un acuerdo de cooperaci\u00f3n con una Instituci\u00f3n de China, pa\u00eds que no tiene relaciones diplom\u00e1ticas con Centroam\u00e9rica. Los<span class=\"ellipsis\">&hellip;<\/span><\/p>\n<div class=\"read-more\"><a href=\"https:\/\/www.exportapymes.com\/comercio-exterior-america-esp\/empresas-centroamericanas-firman-convenio-de-cooperacion-con-china\/\">Leer m&aacute;s &#8250;<\/a><\/div>\n<p><!-- end of .read-more --><\/p>\n","protected":false},"author":1,"featured_media":0,"comment_status":"open","ping_status":"open","sticky":false,"template":"","format":"standard","meta":{"footnotes":""},"categories":[1],"tags":[],"class_list":["post-342","post","type-post","status-publish","format-standard","hentry","category-uncategorized"],"_links":{"self":[{"href":"https:\/\/www.exportapymes.com\/comercio-exterior-america-esp\/wp-json\/wp\/v2\/posts\/342","targetHints":{"allow":["GET"]}}],"collection":[{"href":"https:\/\/www.exportapymes.com\/comercio-exterior-america-esp\/wp-json\/wp\/v2\/posts"}],"about":[{"href":"https:\/\/www.exportapymes.com\/comercio-exterior-america-esp\/wp-json\/wp\/v2\/types\/post"}],"author":[{"embeddable":true,"href":"https:\/\/www.exportapymes.com\/comercio-exterior-america-esp\/wp-json\/wp\/v2\/users\/1"}],"replies":[{"embeddable":true,"href":"https:\/\/www.exportapymes.com\/comercio-exterior-america-esp\/wp-json\/wp\/v2\/comments?post=342"}],"version-history":[{"count":0,"href":"https:\/\/www.exportapymes.com\/comercio-exterior-america-esp\/wp-json\/wp\/v2\/posts\/342\/revisions"}],"wp:attachment":[{"href":"https:\/\/www.exportapymes.com\/comercio-exterior-america-esp\/wp-json\/wp\/v2\/media?parent=342"}],"wp:term":[{"taxonomy":"category","embeddable":true,"href":"https:\/\/www.exportapymes.com\/comercio-exterior-america-esp\/wp-json\/wp\/v2\/categories?post=342"},{"taxonomy":"post_tag","embeddable":true,"href":"https:\/\/www.exportapymes.com\/comercio-exterior-america-esp\/wp-json\/wp\/v2\/tags?post=342"}],"curies":[{"name":"wp","href":"https:\/\/api.w.org\/{rel}","templated":true}]}}