{"id":385,"date":"2006-05-08T18:56:06","date_gmt":"2006-05-09T01:56:06","guid":{"rendered":"http:\/\/www.exportapymes.com\/comercio-exterior-america-esp\/exporta-2006\/"},"modified":"2006-05-08T18:56:06","modified_gmt":"2006-05-09T01:56:06","slug":"exporta-2006","status":"publish","type":"post","link":"https:\/\/www.exportapymes.com\/comercio-exterior-america-esp\/exporta-2006\/","title":{"rendered":"Exporta 2006"},"content":{"rendered":"<p><strong>Exporta 2006<\/strong>. <strong>Congreso para la internacionalizaci\u00f3n empresarial<\/strong>.<br \/>\nDise\u00f1ado por el <strong>Instituto Espa\u00f1ol de Comercio Exterior (ICEX)<\/strong>, durante los d\u00edas <strong>20 y 21 de junio de 2006<\/strong>, en Madrid, se celebrar\u00e1, un a\u00f1o m\u00e1s, el <strong>Congreso Exporta<\/strong>. Una cita ineludible para todas las <strong>empresas espa\u00f1olas<\/strong> interesadas en <strong>desarrollar sus estrategias de internacionalizaci\u00f3n<\/strong>.<br \/>\n<img decoding=\"async\" src=\"http:\/\/www.exportapymes.com\/comercio-exterior-america-esp\/images\/ban\/spain.jpg\" \/> En esta edici\u00f3n, <strong>Exporta 2006<\/strong> ha escogido &#8220;<strong>La imagen y marca de los productos espa\u00f1oles y los nuevos desarrollos de factores de competitividad internacional<\/strong>\u201d como tema central de debate.<!--more-->El <strong>Congreso para la Internacionalizaci\u00f3n Empresarial EXPORTA 2006<\/strong> es el foro m\u00e1s activo de formaci\u00f3n, informaci\u00f3n y debate en torno al <strong>proceso de internacionalizaci\u00f3n de la empresa espa\u00f1ola<\/strong>. Reune en Madrid a los consejeros de todas las Oficinas Econ\u00f3micas y Comerciales de las Embajadas de Espa\u00f1a ofreciendo la posibilidad de concertar entrevistas personalizadas y, como en ediciones anteriores, se celebrar\u00e1n m\u00e1s de 40 talleres y <strong>seminarios de formaci\u00f3n para la internacionalizaci\u00f3n<\/strong>.<\/p>\n<p><strong><em><font color=\"#000066\">Talleres y Seminarios de Internacionalizaci\u00f3n:<br \/>\n<\/font><\/em><\/strong>M\u00e1s de 40 <strong>Talleres y Seminarios de Internacionalizaci\u00f3n<\/strong> se celebran a lo largo de los d\u00edas 20 y 21 de junio, en horario de ma\u00f1ana y tarde, agrupados en torno a cuatro bloques tem\u00e1ticos:<\/p>\n<p><em><font color=\"#990000\">AUDITORIOS I Y II<\/font><\/em>.<br \/>\n-Dedicados a los Planes Integrales de Desarrollo de Mercados: Brasil, China, M\u00e9xico, Argelia, Rusia, Estados Unidos, India y Jap\u00f3n, donde se debatir\u00e1n sus elementos diferenciales y los principales sectores y oportunidades para las empresas espa\u00f1olas.<\/p>\n<p><em><font color=\"#990000\">AUDITORIO III<\/font><\/em>.<br \/>\n-Nuevos desarrollos de los factores de competitividad internacional: el dise\u00f1o; la log\u00edstica; el impulso de las patentes y el proceso de normalizaci\u00f3n de productos; las nuevas t\u00e9cnicas y teor\u00edas sobre recursos humanos para la internacionalizaci\u00f3n, etc&#8230;<\/p>\n<p><em><font color=\"#990000\">AUDITORIO IV<\/font><\/em>.<br \/>\n&#8211; Estrategias de marca e imagen.<\/p>\n<p><em><font color=\"#990000\">AUDITORIO V<\/font><\/em>.<br \/>\n-Iniciativas institucionales de apoyo a la internacionalizaci\u00f3n.<\/p>\n<p><em><font color=\"#000066\">Inscripciones:<br \/>\n<\/font><\/em>La asistencia al <strong>Congreso EXPORTA 2006<\/strong> podr\u00e1 formalizarse por dos v\u00edas:<\/p>\n<p>&#8211; Inscribi\u00e9ndose en esta p\u00e1gina a partir del 8 de mayo, como asistente a los <strong>Talleres y Seminarios<\/strong> y\/o solicitando entrevistas en el Punto de Encuentro Internacional.<\/p>\n<p>&#8211; Los d\u00edas 20 y 21 de junio, directamente en los mostradores habilitados a este efecto en la entrada del Centro de Convenciones Norte. Parque Ferial Juan Carlos I (IFEMA).<\/p>\n<p>&#8211; El CIF de su empresa es imprescindible para realizar las inscripciones a los <strong>Talleres y Seminarios<\/strong> as\u00ed como para solicitar entrevistas en el Punto de Encuentro Internacional.<\/p>\n<p>Las inscripciones al <strong>Congreso EXPORTA 2006<\/strong> son gratuitas.<\/p>\n<p><font color=\"#000066\">M\u00e1s iformaci\u00f3n<\/font>: <strong>Congreso para la Internacionalizaci\u00f3n Empresarial EXPORTA 2006<\/strong> &#8211; <a href=\"http:\/\/www.exporta2006.com\/\">http:\/\/www.exporta2006.com\/<\/a><\/p>\n","protected":false},"excerpt":{"rendered":"<p>Exporta 2006. Congreso para la internacionalizaci\u00f3n empresarial. Dise\u00f1ado por el Instituto Espa\u00f1ol de Comercio Exterior (ICEX), durante los d\u00edas 20 y 21 de junio de 2006, en Madrid, se celebrar\u00e1, un a\u00f1o m\u00e1s, el Congreso Exporta. Una cita ineludible para<span class=\"ellipsis\">&hellip;<\/span><\/p>\n<div class=\"read-more\"><a href=\"https:\/\/www.exportapymes.com\/comercio-exterior-america-esp\/exporta-2006\/\">Leer m&aacute;s &#8250;<\/a><\/div>\n<p><!-- end of .read-more --><\/p>\n","protected":false},"author":1,"featured_media":0,"comment_status":"open","ping_status":"open","sticky":false,"template":"","format":"standard","meta":{"footnotes":""},"categories":[22],"tags":[],"class_list":["post-385","post","type-post","status-publish","format-standard","hentry","category-espana"],"_links":{"self":[{"href":"https:\/\/www.exportapymes.com\/comercio-exterior-america-esp\/wp-json\/wp\/v2\/posts\/385","targetHints":{"allow":["GET"]}}],"collection":[{"href":"https:\/\/www.exportapymes.com\/comercio-exterior-america-esp\/wp-json\/wp\/v2\/posts"}],"about":[{"href":"https:\/\/www.exportapymes.com\/comercio-exterior-america-esp\/wp-json\/wp\/v2\/types\/post"}],"author":[{"embeddable":true,"href":"https:\/\/www.exportapymes.com\/comercio-exterior-america-esp\/wp-json\/wp\/v2\/users\/1"}],"replies":[{"embeddable":true,"href":"https:\/\/www.exportapymes.com\/comercio-exterior-america-esp\/wp-json\/wp\/v2\/comments?post=385"}],"version-history":[{"count":0,"href":"https:\/\/www.exportapymes.com\/comercio-exterior-america-esp\/wp-json\/wp\/v2\/posts\/385\/revisions"}],"wp:attachment":[{"href":"https:\/\/www.exportapymes.com\/comercio-exterior-america-esp\/wp-json\/wp\/v2\/media?parent=385"}],"wp:term":[{"taxonomy":"category","embeddable":true,"href":"https:\/\/www.exportapymes.com\/comercio-exterior-america-esp\/wp-json\/wp\/v2\/categories?post=385"},{"taxonomy":"post_tag","embeddable":true,"href":"https:\/\/www.exportapymes.com\/comercio-exterior-america-esp\/wp-json\/wp\/v2\/tags?post=385"}],"curies":[{"name":"wp","href":"https:\/\/api.w.org\/{rel}","templated":true}]}}