{"id":389,"date":"2006-05-08T20:54:07","date_gmt":"2006-05-09T03:54:07","guid":{"rendered":"http:\/\/www.exportapymes.com\/comercio-exterior-america-esp\/definen-politica-de-comercio-exterior-del-ecuador\/"},"modified":"2006-05-08T20:54:07","modified_gmt":"2006-05-09T03:54:07","slug":"definen-politica-de-comercio-exterior-del-ecuador","status":"publish","type":"post","link":"https:\/\/www.exportapymes.com\/comercio-exterior-america-esp\/definen-politica-de-comercio-exterior-del-ecuador\/","title":{"rendered":"Definen pol\u00edtica de Comercio Exterior del Ecuador"},"content":{"rendered":"<p>Un estudio para definir una <strong>pol\u00edtica de Comercio Exterior del Ecuador<\/strong>, fue presentado y discutido en la \u00faltima reuni\u00f3n del <strong>Consejo de Comercio Exterior e Inversiones<\/strong> (<strong>Comexi<\/strong>).<br \/>\n<img decoding=\"async\" src=\"http:\/\/www.exportapymes.com\/comercio-exterior-america-esp\/images\/ban\/ecuador.jpg\" \/>   El an\u00e1lisis contempla la <strong>promoci\u00f3n y expansi\u00f3n del comercio de bienes y servicios<\/strong>, tanto en <strong>exportaciones como importaciones<\/strong>, para <strong>desarrollar cadenas productivas<\/strong> que <strong>agreguen valor a su comercio<\/strong> <strong>incorporando mano de obra, tecnolog\u00eda y conocimiento<\/strong>. <!--more-->Se incluyen el documento, los principios de una <strong>pol\u00edtica de comercio exterior<\/strong> que abarca la totalidad de las transacciones econ\u00f3micas (transferencia de bienes, servicios, factores de la producci\u00f3n) del pa\u00eds con el extranjero. Adem\u00e1s, involucra en la actividad a todos los sujetos econ\u00f3micos (Estado, sector privado, productores y consumidores).<\/p>\n<p>Tambi\u00e9n al <strong>comercio exterior<\/strong> como parte de una pol\u00edtica econ\u00f3mica del Estado y sostiene el reconocimiento de la coyuntura actual y el <strong>contexto internacional<\/strong> de una manera realista, pragm\u00e1tica y flexible; guardando coherencia con los compromisos internacionales en materia econ\u00f3mica y comercial, pero resguardando independencia de la econom\u00eda nacional frente a otros pa\u00edses.<\/p>\n<p>Para su definitiva aprobaci\u00f3n del documento, deber\u00e1 incorporar algunos aportes y sugerencias planteadas a los consultores por los distintos sectores productivos representados en este organismo, cuya misi\u00f3n es la de formular la <strong>pol\u00edtica de comercio exterior del pa\u00eds<\/strong>.<\/p>\n<p>En la reuni\u00f3n del <strong>COMEXI<\/strong>, el Presidente de la Federaci\u00f3n de C\u00e1maras de Agricultura del Ecuador, Patricio Donoso, a nombre de las c\u00e1maras del sector productivo del pa\u00eds, ofreci\u00f3 un respaldo total al ministro de <strong>Comercio Exterior<\/strong>, Jorge Illingworth, quien enfrenta una demanda infundada sobre competencias de dirimencia en asuntos exclusivos del gremio de la Peque\u00f1a Industria de Pichincha. ALA<\/p>\n","protected":false},"excerpt":{"rendered":"<p>Un estudio para definir una pol\u00edtica de Comercio Exterior del Ecuador, fue presentado y discutido en la \u00faltima reuni\u00f3n del Consejo de Comercio Exterior e Inversiones (Comexi). El an\u00e1lisis contempla la promoci\u00f3n y expansi\u00f3n del comercio de bienes y servicios,<span class=\"ellipsis\">&hellip;<\/span><\/p>\n<div class=\"read-more\"><a href=\"https:\/\/www.exportapymes.com\/comercio-exterior-america-esp\/definen-politica-de-comercio-exterior-del-ecuador\/\">Leer m&aacute;s &#8250;<\/a><\/div>\n<p><!-- end of .read-more --><\/p>\n","protected":false},"author":1,"featured_media":0,"comment_status":"open","ping_status":"open","sticky":false,"template":"","format":"standard","meta":{"footnotes":""},"categories":[8],"tags":[],"class_list":["post-389","post","type-post","status-publish","format-standard","hentry","category-ecuador"],"_links":{"self":[{"href":"https:\/\/www.exportapymes.com\/comercio-exterior-america-esp\/wp-json\/wp\/v2\/posts\/389","targetHints":{"allow":["GET"]}}],"collection":[{"href":"https:\/\/www.exportapymes.com\/comercio-exterior-america-esp\/wp-json\/wp\/v2\/posts"}],"about":[{"href":"https:\/\/www.exportapymes.com\/comercio-exterior-america-esp\/wp-json\/wp\/v2\/types\/post"}],"author":[{"embeddable":true,"href":"https:\/\/www.exportapymes.com\/comercio-exterior-america-esp\/wp-json\/wp\/v2\/users\/1"}],"replies":[{"embeddable":true,"href":"https:\/\/www.exportapymes.com\/comercio-exterior-america-esp\/wp-json\/wp\/v2\/comments?post=389"}],"version-history":[{"count":0,"href":"https:\/\/www.exportapymes.com\/comercio-exterior-america-esp\/wp-json\/wp\/v2\/posts\/389\/revisions"}],"wp:attachment":[{"href":"https:\/\/www.exportapymes.com\/comercio-exterior-america-esp\/wp-json\/wp\/v2\/media?parent=389"}],"wp:term":[{"taxonomy":"category","embeddable":true,"href":"https:\/\/www.exportapymes.com\/comercio-exterior-america-esp\/wp-json\/wp\/v2\/categories?post=389"},{"taxonomy":"post_tag","embeddable":true,"href":"https:\/\/www.exportapymes.com\/comercio-exterior-america-esp\/wp-json\/wp\/v2\/tags?post=389"}],"curies":[{"name":"wp","href":"https:\/\/api.w.org\/{rel}","templated":true}]}}