{"id":395,"date":"2006-05-12T11:28:41","date_gmt":"2006-05-12T18:28:41","guid":{"rendered":"http:\/\/www.exportapymes.com\/comercio-exterior-america-esp\/mag-augura-aumento-de-100-millones-en-la-exportacion-agricola\/"},"modified":"2006-05-12T11:28:41","modified_gmt":"2006-05-12T18:28:41","slug":"mag-augura-aumento-de-100-millones-en-la-exportacion-agricola","status":"publish","type":"post","link":"https:\/\/www.exportapymes.com\/comercio-exterior-america-esp\/mag-augura-aumento-de-100-millones-en-la-exportacion-agricola\/","title":{"rendered":"MAG augura aumento de $100 millones en la exportaci\u00f3n agr\u00edcola"},"content":{"rendered":"<p>A\u00f1o agr\u00edcola: Autoridades mexicanas inaugurar\u00e1n la cosecha de 2006 el pr\u00f3ximo 17 de mayo.<br \/>\n<img decoding=\"async\" src=\"http:\/\/www.exportapymes.com\/comercio-exterior-america-esp\/images\/ban\/mexico.jpg\" \/>   El primer dato que el Ministro de Agricultura, Mario Salaverr\u00eda, se\u00f1al\u00f3, para hacer un esbozo de panorama agr\u00edcola que se espera en 2006, fue subrayar el 36% de crecimiento que reportaron las <strong>exportaciones<\/strong> de este sector en el primer trimestres del presente a\u00f1o. En base a este indicador, \u00e9l prev\u00e9 un periodo positivo para el agro, tanto en <strong>exportaciones como en producci\u00f3n<\/strong>.<\/p>\n<p><!--more-->\u201cEste a\u00f1o agr\u00edcola, que iniciar\u00e1 a mediados de mayo, tiene perspectivas favorables por el incremento en la producci\u00f3n y los programas de apoyo que estamos generando\u201d, se\u00f1al\u00f3 Salaverr\u00eda, quien no quiso mencionar la fecha exacta del lanzamiento. <\/p>\n<p>El Banco Central de Reserva (BCR) report\u00f3 que el sector agropecuario ya registra un crecimiento del 8.9 en el trimestre reci\u00e9n pasado.<\/p>\n<p>Fuentes oficiales del Ministerio de Agricultura y Ganader\u00eda (MAG) afirmaron que el acto de inauguraci\u00f3n se realizar\u00e1 el 17 de abril. En esa misma semana, el gobierno pretende anuncia varios programas de apoyo al sector.<\/p>\n<p>El ministro dijo que la meta es generar la diversificaci\u00f3n agr\u00edcola. Como ejemplo se\u00f1al\u00f3 que est\u00e1n preparando 2,500 manzanas para la producci\u00f3n de hortalizas bajo tierra. \u201cAdem\u00e1s, no queremos hacer a un lado las frutas y el repunte que hemos ganado en la pesca\u201d, reflexion\u00f3.<\/p>\n<p>Por lo dem\u00e1s, el caf\u00e9, el az\u00facar, el camar\u00f3n, entre otros productos fuertes, reportan un 33% de crecimiento por s\u00ed solos. Mencion\u00f3 que el sector azucarero ha mantenido realce al <strong>duplicar sus exportaciones<\/strong>. <\/p>\n<p>\u201cEl a\u00f1o pasado, los azucareros sumaron $70 millones en ventas al mundo\u201d, coment\u00f3 Salaverr\u00eda, \u201cpara 2006 esperamos que alcancen los $100 millones\u201d. Esto significar\u00eda un aumento del 35% de las ventas al exterior de dicho producto.<\/p>\n<p>El caf\u00e8 ya report\u00f3 un crecimiento de $35 millones m\u00e1s que el a\u00f1o pasado. Esto hace, entre el az\u00facar y el arom\u00e1tico, $60 millones m\u00e1s de proyecci\u00f3n para lo que resta de 2006. A esto, el titular del MAG le suma la expectativa de alcanzar los $70 millones en <strong>exportaciones de productos \u00e9tnicos<\/strong>. <\/p>\n<p>\u201cUniendo todo esto, nos encontramos con un crecimiento de m\u00e1s de $100 millones\u201d, apunt\u00f3 Salaverr\u00eda con un sonrisa de triunfo. Pero este <strong>crecimiento en exportaciones<\/strong> se base en que las condiciones de  las cosechas est\u00e9n preparadas. <\/p>\n<p>La comisionada presidencial para la Agricultura, Carmen Elena D\u00edaz Balz\u00e1n, coment\u00f3 que el \u00e1rea de cultivo para los granos b\u00e1sicos ser\u00e1 de 628,646 manzanas. Hace un a\u00f1o, se contaba con 598,533 manzanas.<\/p>\n<p>El MAG contempla, adem\u00e1s, que los vendedores de insumos agr\u00edcolas proyectan vender, en esta jornada que se avecina, un 25% m\u00e1s de subproductos. Para el ministro, esto tambi\u00e9n descubre el deseo de los agricultores de tener un producto de mayor calidad.<\/p>\n<p><em>Clima<\/em><br \/>\nEn cuanto al fen\u00f3meno de la Ni\u00f1a no hay mucha preocupaci\u00f3n. Las fuentes metereol\u00f3gicas de tal ministerio les dio la tranquilidad. Esperan que las precipitaciones comiencen a neutralizarse y que no da\u00f1en las cosechas.<\/p>\n<p>\u201cHasta el momento no tenemos un mal balance de lluvias\u201d, dijo D\u00edaz de Baz\u00e1n, \u201cpor el contrario, las precipitaciones han ayudado al caf\u00e9 a florear mejor que en otros a\u00f1os\u201d. En cuanto a los dem\u00e1s productos, asegur\u00f3 que las siembras no ha comenzado. Todos esperan la llegada de un invierno constante. Un invierno que, seg\u00fan las autoridades, ser\u00e1 provechoso.<\/p>\n<p>Tanto es el optimismo de estos funcionarios que sugirieron que una avance agr\u00edcola implica nuevos empleos en varios rubros. Seg\u00fan datos del MAG, el a\u00f1o pasado se generaron 60 mil nuevos empleos directos. Salaverr\u00eda recalc\u00f3 que este sector gener\u00f3 alrededor de 650 mil empleos y casi los tres millones de indirectos. \u201cTenemos un efecto mltiplicador importante\u201d, sostuvo, \u201cDe cada empleo directo, se derivan cinco indirectos\u201d.<\/p>\n<p><em>Cifras<\/em><br \/>\nA\u00f1o agr\u00edcola: las estad\u00edsticas presentadas por el Ministerio de Agricultura y Ganader\u00eda muestran alzas en casi todos los niveles de producci\u00f3n.<br \/>\nEntre los datos m\u00e1s importantes est\u00e1n: <\/p>\n<p>17 de mayo: Ser\u00e1 el acto de inauguraci\u00f3n de la cosecha 2006. El ministro Salaverr\u00eda extern\u00f3 la posibilidad de que se realizara en occidente.<\/p>\n<p>100 mil agricultores se pretende apoyar con los programas que el gobierno lanzar\u00e1 a mediados de mayo.<\/p>\n<p>8.9% es el crecimiento agr\u00edcola que el Banco Centrar de Reserva (BCR) report\u00f3 al finalizar el primer trimestres de 2006.<\/p>\n<p>25% de crecimiento en sus ventas esperan los vendedores de insumos agr\u00edcolas.<\/p>\n<p>2500 mil manzanas son las que el MAG ha destinado para sembrar hortalizas bajo tierra como una manera de diversificar la producci\u00f3n.<\/p>\n<p>$100 millones consideran que el panorama es tan bueno que lograr\u00e1n <strong>sobrepasar las exportaciones<\/strong>, de 2005, con esta cantidad de dinero. Sara Flores. El Mundo<\/p>\n","protected":false},"excerpt":{"rendered":"<p>A\u00f1o agr\u00edcola: Autoridades mexicanas inaugurar\u00e1n la cosecha de 2006 el pr\u00f3ximo 17 de mayo. El primer dato que el Ministro de Agricultura, Mario Salaverr\u00eda, se\u00f1al\u00f3, para hacer un esbozo de panorama agr\u00edcola que se espera en 2006, fue subrayar el<span class=\"ellipsis\">&hellip;<\/span><\/p>\n<div class=\"read-more\"><a href=\"https:\/\/www.exportapymes.com\/comercio-exterior-america-esp\/mag-augura-aumento-de-100-millones-en-la-exportacion-agricola\/\">Leer m&aacute;s &#8250;<\/a><\/div>\n<p><!-- end of .read-more --><\/p>\n","protected":false},"author":1,"featured_media":0,"comment_status":"open","ping_status":"open","sticky":false,"template":"","format":"standard","meta":{"footnotes":""},"categories":[13],"tags":[],"class_list":["post-395","post","type-post","status-publish","format-standard","hentry","category-mexico"],"_links":{"self":[{"href":"https:\/\/www.exportapymes.com\/comercio-exterior-america-esp\/wp-json\/wp\/v2\/posts\/395","targetHints":{"allow":["GET"]}}],"collection":[{"href":"https:\/\/www.exportapymes.com\/comercio-exterior-america-esp\/wp-json\/wp\/v2\/posts"}],"about":[{"href":"https:\/\/www.exportapymes.com\/comercio-exterior-america-esp\/wp-json\/wp\/v2\/types\/post"}],"author":[{"embeddable":true,"href":"https:\/\/www.exportapymes.com\/comercio-exterior-america-esp\/wp-json\/wp\/v2\/users\/1"}],"replies":[{"embeddable":true,"href":"https:\/\/www.exportapymes.com\/comercio-exterior-america-esp\/wp-json\/wp\/v2\/comments?post=395"}],"version-history":[{"count":0,"href":"https:\/\/www.exportapymes.com\/comercio-exterior-america-esp\/wp-json\/wp\/v2\/posts\/395\/revisions"}],"wp:attachment":[{"href":"https:\/\/www.exportapymes.com\/comercio-exterior-america-esp\/wp-json\/wp\/v2\/media?parent=395"}],"wp:term":[{"taxonomy":"category","embeddable":true,"href":"https:\/\/www.exportapymes.com\/comercio-exterior-america-esp\/wp-json\/wp\/v2\/categories?post=395"},{"taxonomy":"post_tag","embeddable":true,"href":"https:\/\/www.exportapymes.com\/comercio-exterior-america-esp\/wp-json\/wp\/v2\/tags?post=395"}],"curies":[{"name":"wp","href":"https:\/\/api.w.org\/{rel}","templated":true}]}}