{"id":417,"date":"2006-05-14T15:27:30","date_gmt":"2006-05-14T22:27:30","guid":{"rendered":"http:\/\/www.exportapymes.com\/comercio-exterior-america-esp\/caneb-e-ibce-lanzan-publicacion-exportemos\/"},"modified":"2006-05-14T15:27:30","modified_gmt":"2006-05-14T22:27:30","slug":"caneb-e-ibce-lanzan-publicacion-exportemos","status":"publish","type":"post","link":"https:\/\/www.exportapymes.com\/comercio-exterior-america-esp\/caneb-e-ibce-lanzan-publicacion-exportemos\/","title":{"rendered":"CANEB e IBCE lanzan publicaci\u00f3n &#8220;\u00a1Exportemos!&#8221;"},"content":{"rendered":"<p>La <strong>C\u00e1mara Nacional de Exportadores de Bolivia (CANEB)<\/strong> y el <strong>Instituto Boliviano de Comercio Exterior (IBCE)<\/strong>, informaron sobre la puesta en circulaci\u00f3n oficial, del primer n\u00famero del Bolet\u00edn Institucional que bajo el nombre de <strong>\u00a1Exportemos!<\/strong> ser\u00e1 editado mensualmente para informar a un vasto p\u00fablico, sobre aspectos de inter\u00e9s en relaci\u00f3n a la <strong>actividad exportadora<\/strong> en el pa\u00eds y el mundo.<br \/>\n<img decoding=\"async\" src=\"http:\/\/www.exportapymes.com\/comercio-exterior-america-esp\/images\/ban\/bolivia.jpg\" \/><br \/>\n<!--more-->El primer n\u00famero de<strong> \u00a1EXPORTEMOS!<\/strong> correspondiente al presente mes fue presentado en acto p\u00fablico el 9 de mayo, en La Paz, siendo la parte principal del contenido de esta publicaci\u00f3n: el Editorial, dedicado a rese\u00f1ar la importancia de las exportaciones para Bolivia; datos sobre el empleo en el <strong>sector exportador boliviano<\/strong>; la propuesta del TCP del Gobierno, versus un TLC con los EE.UU.; el emprendimiento \u201cClub de Madres Nueva Esperanza\u201d, como un <strong>esfuerzo exportador<\/strong> digno de destacar; el TLC suscrito por Colombia y Per\u00fa; la venta de bananas a Europa, como nuevo mercado; \u201c<strong>C\u00f3mo Exportar a Canad\u00e1<\/strong>\u201d, en la parte acceso a mercados; una evaluaci\u00f3n <strong>estad\u00edstica de las exportaciones bolivianas<\/strong>; finalmente, informaci\u00f3n sobre ferias y eventos comerciales, y direcciones de <strong>utilidad para los exportadores<\/strong>.<\/p>\n<p>El Presidente del <strong>Instituto Boliviano de Comercio Exterior (IBCE)<\/strong>, <strong>Sr. Hans Hartmann Rivera<\/strong>, a tiempo de presentar el primer n\u00famero del Bolet\u00edn de 16 p\u00e1ginas a todo color, agradeci\u00f3 a la Secretar\u00eda de Estado de Econom\u00eda de la Confederaci\u00f3n Suiza, SECO, por hacer posible este nuevo emprendimiento que se enmarca dentro del Proyecto 1B del Programa de Cooperaci\u00f3n a Bolivia (PCC) que lleva adelante el IBCE desde el a\u00f1o 2004.<\/p>\n<p>Por su parte, el Presidente de la <strong>C\u00e1mara Nacional de Exportadores de Bolivia (CANEB)<\/strong>, <strong>Ing. Clover Paz Quiroga<\/strong>, destac\u00f3 lo in\u00e9dito de la publicaci\u00f3n -de car\u00e1cter interinstitucional- indicando que ello era fiel reflejo de la creciente sinergia entre el IBCE -como entidad t\u00e9cnica de <strong>promoci\u00f3n del comercio exterior boliviano<\/strong>&#8211; y la CANEB, como la entidad cupular de los <strong>exportadores del pa\u00eds<\/strong>, indicando sentirse satisfecho de que el Bolet\u00edn sea un producto m\u00e1s del <strong>Acuerdo de Alianza Estrat\u00e9gica<\/strong> suscrito por su persona, el a\u00f1o 2004, y que ha redituado grandes beneficios para ambas instituciones.<br \/>\nVer publicaci\u00f3n: <a href=\"http:\/\/www.ibce.org.bo\/eventos\/EXPORTEMOS1.pdf\" target=\"_blank\">Exportemos<\/a><\/p>\n","protected":false},"excerpt":{"rendered":"<p>La C\u00e1mara Nacional de Exportadores de Bolivia (CANEB) y el Instituto Boliviano de Comercio Exterior (IBCE), informaron sobre la puesta en circulaci\u00f3n oficial, del primer n\u00famero del Bolet\u00edn Institucional que bajo el nombre de \u00a1Exportemos! ser\u00e1 editado mensualmente para informar<span class=\"ellipsis\">&hellip;<\/span><\/p>\n<div class=\"read-more\"><a href=\"https:\/\/www.exportapymes.com\/comercio-exterior-america-esp\/caneb-e-ibce-lanzan-publicacion-exportemos\/\">Leer m&aacute;s &#8250;<\/a><\/div>\n<p><!-- end of .read-more --><\/p>\n","protected":false},"author":1,"featured_media":0,"comment_status":"open","ping_status":"open","sticky":false,"template":"","format":"standard","meta":{"footnotes":""},"categories":[2],"tags":[],"class_list":["post-417","post","type-post","status-publish","format-standard","hentry","category-bolivia"],"_links":{"self":[{"href":"https:\/\/www.exportapymes.com\/comercio-exterior-america-esp\/wp-json\/wp\/v2\/posts\/417","targetHints":{"allow":["GET"]}}],"collection":[{"href":"https:\/\/www.exportapymes.com\/comercio-exterior-america-esp\/wp-json\/wp\/v2\/posts"}],"about":[{"href":"https:\/\/www.exportapymes.com\/comercio-exterior-america-esp\/wp-json\/wp\/v2\/types\/post"}],"author":[{"embeddable":true,"href":"https:\/\/www.exportapymes.com\/comercio-exterior-america-esp\/wp-json\/wp\/v2\/users\/1"}],"replies":[{"embeddable":true,"href":"https:\/\/www.exportapymes.com\/comercio-exterior-america-esp\/wp-json\/wp\/v2\/comments?post=417"}],"version-history":[{"count":0,"href":"https:\/\/www.exportapymes.com\/comercio-exterior-america-esp\/wp-json\/wp\/v2\/posts\/417\/revisions"}],"wp:attachment":[{"href":"https:\/\/www.exportapymes.com\/comercio-exterior-america-esp\/wp-json\/wp\/v2\/media?parent=417"}],"wp:term":[{"taxonomy":"category","embeddable":true,"href":"https:\/\/www.exportapymes.com\/comercio-exterior-america-esp\/wp-json\/wp\/v2\/categories?post=417"},{"taxonomy":"post_tag","embeddable":true,"href":"https:\/\/www.exportapymes.com\/comercio-exterior-america-esp\/wp-json\/wp\/v2\/tags?post=417"}],"curies":[{"name":"wp","href":"https:\/\/api.w.org\/{rel}","templated":true}]}}