{"id":425,"date":"2006-05-16T14:44:43","date_gmt":"2006-05-16T21:44:43","guid":{"rendered":"http:\/\/www.exportapymes.com\/comercio-exterior-america-esp\/la-union-europea-busca-mas-comercio-con-costa-rica\/"},"modified":"2006-05-16T14:44:43","modified_gmt":"2006-05-16T21:44:43","slug":"la-union-europea-busca-mas-comercio-con-costa-rica","status":"publish","type":"post","link":"https:\/\/www.exportapymes.com\/comercio-exterior-america-esp\/la-union-europea-busca-mas-comercio-con-costa-rica\/","title":{"rendered":"La Uni\u00f3n Europea busca m\u00e1s comercio con Costa Rica"},"content":{"rendered":"<p>Representantes de pa\u00edses de la Uni\u00f3n Europea (UE) participar\u00e1n el mi\u00e9rcoles en una rueda de negocios con empresarios costarricenses con el fin de aumentar el comercio y la inversi\u00f3n entre ambas partes.<br \/>\n<img decoding=\"async\" src=\"http:\/\/www.exportapymes.com\/comercio-exterior-america-esp\/images\/ban\/eu.jpg\" \/>  <img decoding=\"async\" src=\"http:\/\/www.exportapymes.com\/comercio-exterior-america-esp\/images\/ban\/costa_rica.jpg\" \/>  &#8220;Ofrecemos la posibilidad de acceder a nuevos mercados, desarrollar, distribuir y representar nuevos productos europeos o bien establecer convenios de cooperaci\u00f3n empresarial y alianzas estrat\u00e9gicas&#8221;, dijo<br \/>\n<!--more-->la agregada de comercio de la embajada del Reino de los Pa\u00edses Bajos en un comunicado, G. Monique van Hussen.<\/p>\n<p>La actividad, la segunda que realizan, est\u00e1 orientada a las empresas costarricenses interesadas en importar productos de los pa\u00edses de la UE.<\/p>\n<p>Van Hussen detall\u00f3 que las embajadas de B\u00e9lgica, Holanda, Polonia, Reino Unido, Rep\u00fablica Checa y las c\u00e1maras de comercio europeas de Alemania, Espa\u00f1a, Francia e Italia brindar\u00e1n informaci\u00f3n comercial que requieran los empresarios.<\/p>\n<p>Adem\u00e1s, asegurarles que su solicitud sea difundida en los canales competentes en los pa\u00edses europeos de inter\u00e9s.<\/p>\n<p>Datos de la Promotora de Comercio Exterior registran que Costa Rica export\u00f3 a la UE en el a\u00f1o pasado 1.143 millones de d\u00f3lares, 81 m\u00e1s que en el 2004, e import\u00f3 1.285 millones de d\u00f3lares.<\/p>\n<p>Entre los productos m\u00e1s vendidos a los europeos est\u00e1n partes para circuitos modulares, banano, pi\u00f1a, equipos el\u00e9ctricos de amplificaci\u00f3n, caf\u00e9 y follajes, entre otros.<\/p>\n<p>Los principales destinos son Holanda (39%), Alemania (17%), Reino Unido (11%), B\u00e9lgica (10%), Suecia e Italia con un 6% cada una.<\/p>\n<p>En cuanto a los bienes importados destacan circuitos integrados y microestructuras electr\u00f3nicas, petr\u00f3leo, medicamentos y veh\u00edculos. AP<\/p>\n","protected":false},"excerpt":{"rendered":"<p>Representantes de pa\u00edses de la Uni\u00f3n Europea (UE) participar\u00e1n el mi\u00e9rcoles en una rueda de negocios con empresarios costarricenses con el fin de aumentar el comercio y la inversi\u00f3n entre ambas partes. &#8220;Ofrecemos la posibilidad de acceder a nuevos mercados,<span class=\"ellipsis\">&hellip;<\/span><\/p>\n<div class=\"read-more\"><a href=\"https:\/\/www.exportapymes.com\/comercio-exterior-america-esp\/la-union-europea-busca-mas-comercio-con-costa-rica\/\">Leer m&aacute;s &#8250;<\/a><\/div>\n<p><!-- end of .read-more --><\/p>\n","protected":false},"author":1,"featured_media":0,"comment_status":"open","ping_status":"open","sticky":false,"template":"","format":"standard","meta":{"footnotes":""},"categories":[6,1],"tags":[],"class_list":["post-425","post","type-post","status-publish","format-standard","hentry","category-costa-rica","category-uncategorized"],"_links":{"self":[{"href":"https:\/\/www.exportapymes.com\/comercio-exterior-america-esp\/wp-json\/wp\/v2\/posts\/425","targetHints":{"allow":["GET"]}}],"collection":[{"href":"https:\/\/www.exportapymes.com\/comercio-exterior-america-esp\/wp-json\/wp\/v2\/posts"}],"about":[{"href":"https:\/\/www.exportapymes.com\/comercio-exterior-america-esp\/wp-json\/wp\/v2\/types\/post"}],"author":[{"embeddable":true,"href":"https:\/\/www.exportapymes.com\/comercio-exterior-america-esp\/wp-json\/wp\/v2\/users\/1"}],"replies":[{"embeddable":true,"href":"https:\/\/www.exportapymes.com\/comercio-exterior-america-esp\/wp-json\/wp\/v2\/comments?post=425"}],"version-history":[{"count":0,"href":"https:\/\/www.exportapymes.com\/comercio-exterior-america-esp\/wp-json\/wp\/v2\/posts\/425\/revisions"}],"wp:attachment":[{"href":"https:\/\/www.exportapymes.com\/comercio-exterior-america-esp\/wp-json\/wp\/v2\/media?parent=425"}],"wp:term":[{"taxonomy":"category","embeddable":true,"href":"https:\/\/www.exportapymes.com\/comercio-exterior-america-esp\/wp-json\/wp\/v2\/categories?post=425"},{"taxonomy":"post_tag","embeddable":true,"href":"https:\/\/www.exportapymes.com\/comercio-exterior-america-esp\/wp-json\/wp\/v2\/tags?post=425"}],"curies":[{"name":"wp","href":"https:\/\/api.w.org\/{rel}","templated":true}]}}