{"id":441,"date":"2006-05-22T21:02:47","date_gmt":"2006-05-23T04:02:47","guid":{"rendered":"http:\/\/www.exportapymes.com\/comercio-exterior-america-esp\/preparan-feria-de-comercio-exterior-expocomex-paraguay\/"},"modified":"2006-05-22T21:02:47","modified_gmt":"2006-05-23T04:02:47","slug":"preparan-feria-de-comercio-exterior-expocomex-paraguay","status":"publish","type":"post","link":"https:\/\/www.exportapymes.com\/comercio-exterior-america-esp\/preparan-feria-de-comercio-exterior-expocomex-paraguay\/","title":{"rendered":"Preparan feria de Comercio Exterior Expocomex Paraguay"},"content":{"rendered":"<p>El sector privado se propone impulsar fuertemente la <strong>capacidad exportadora del pa\u00eds<\/strong> mediante una <strong>herramienta de promoci\u00f3n<\/strong>, como el <strong>Primer Congreso y Exposici\u00f3n de Comercio Exterior (Expocomex)<\/strong>, que se realizar\u00e1 el 5 y 7 de junio pr\u00f3ximo.<br \/>\n<img decoding=\"async\" src=\"http:\/\/www.exportapymes.com\/comercio-exterior-america-esp\/images\/ban\/paraguay.jpg\" \/>   El evento est\u00e1 organizado por <strong>Promarket<\/strong> y <strong>Pro Expo<\/strong>, y cuenta con el apoyo oficial de <strong>Rediex<\/strong> y <strong>Proparaguay<\/strong> y otras organizaciones del sector privado y gremios empresariales.<br \/>\n<!--more-->Se desarrollar\u00e1 en el Carmelitas Center, donde se encontrar\u00e1n los diferentes actores involucrados en el tema, tanto para escuchar a disertantes provenientes del exterior como para convenir acuerdos en mesas de negociaciones.<\/p>\n<p>Bajo el lema <strong>&#8220;Negocios: m\u00e1s all\u00e1 de las fronteras&#8221;<\/strong>, el encuentro tiene como objetivo convertirse en el m\u00e1s importante del <strong>comercio exterior<\/strong> del pa\u00eds, \u00e1mbito en el cual los especialistas y referentes del <strong>sector exportador<\/strong> aborden los aspectos m\u00e1s relevantes del tema, se actualicen en las \u00faltimas tendencias y accedan a las herramientas m\u00e1s modernas del <strong>marketing internacional<\/strong>.<\/p>\n","protected":false},"excerpt":{"rendered":"<p>El sector privado se propone impulsar fuertemente la capacidad exportadora del pa\u00eds mediante una herramienta de promoci\u00f3n, como el Primer Congreso y Exposici\u00f3n de Comercio Exterior (Expocomex), que se realizar\u00e1 el 5 y 7 de junio pr\u00f3ximo. El evento est\u00e1<span class=\"ellipsis\">&hellip;<\/span><\/p>\n<div class=\"read-more\"><a href=\"https:\/\/www.exportapymes.com\/comercio-exterior-america-esp\/preparan-feria-de-comercio-exterior-expocomex-paraguay\/\">Leer m&aacute;s &#8250;<\/a><\/div>\n<p><!-- end of .read-more --><\/p>\n","protected":false},"author":1,"featured_media":0,"comment_status":"open","ping_status":"open","sticky":false,"template":"","format":"standard","meta":{"footnotes":""},"categories":[16],"tags":[],"class_list":["post-441","post","type-post","status-publish","format-standard","hentry","category-paraguay"],"_links":{"self":[{"href":"https:\/\/www.exportapymes.com\/comercio-exterior-america-esp\/wp-json\/wp\/v2\/posts\/441","targetHints":{"allow":["GET"]}}],"collection":[{"href":"https:\/\/www.exportapymes.com\/comercio-exterior-america-esp\/wp-json\/wp\/v2\/posts"}],"about":[{"href":"https:\/\/www.exportapymes.com\/comercio-exterior-america-esp\/wp-json\/wp\/v2\/types\/post"}],"author":[{"embeddable":true,"href":"https:\/\/www.exportapymes.com\/comercio-exterior-america-esp\/wp-json\/wp\/v2\/users\/1"}],"replies":[{"embeddable":true,"href":"https:\/\/www.exportapymes.com\/comercio-exterior-america-esp\/wp-json\/wp\/v2\/comments?post=441"}],"version-history":[{"count":0,"href":"https:\/\/www.exportapymes.com\/comercio-exterior-america-esp\/wp-json\/wp\/v2\/posts\/441\/revisions"}],"wp:attachment":[{"href":"https:\/\/www.exportapymes.com\/comercio-exterior-america-esp\/wp-json\/wp\/v2\/media?parent=441"}],"wp:term":[{"taxonomy":"category","embeddable":true,"href":"https:\/\/www.exportapymes.com\/comercio-exterior-america-esp\/wp-json\/wp\/v2\/categories?post=441"},{"taxonomy":"post_tag","embeddable":true,"href":"https:\/\/www.exportapymes.com\/comercio-exterior-america-esp\/wp-json\/wp\/v2\/tags?post=441"}],"curies":[{"name":"wp","href":"https:\/\/api.w.org\/{rel}","templated":true}]}}