{"id":454,"date":"2006-05-23T22:31:14","date_gmt":"2006-05-24T05:31:14","guid":{"rendered":"http:\/\/www.exportapymes.com\/comercio-exterior-america-esp\/promueven-creacion-de-una-marca-comun-del-mueble-andaluz-para-los-mercados-internacionales\/"},"modified":"2006-05-23T22:31:14","modified_gmt":"2006-05-24T05:31:14","slug":"promueven-creacion-de-una-marca-comun-del-mueble-andaluz-para-los-mercados-internacionales","status":"publish","type":"post","link":"https:\/\/www.exportapymes.com\/comercio-exterior-america-esp\/promueven-creacion-de-una-marca-comun-del-mueble-andaluz-para-los-mercados-internacionales\/","title":{"rendered":"Promueven creaci\u00f3n de una marca com\u00fan del mueble andaluz para los mercados internacionales"},"content":{"rendered":"<p>Suscriben un convenio para poner en marcha un <strong>plan de internacionalizaci\u00f3n<\/strong> de esta industria en C\u00f3rdoba, con la participaci\u00f3n de 22 empresas.<br \/>\n<img decoding=\"async\" src=\"http:\/\/www.exportapymes.com\/comercio-exterior-america-esp\/images\/ban\/spain.jpg\" \/>   La Consejer\u00eda de Turismo, Comercio y Deporte promover\u00e1 la creaci\u00f3n de una <strong>marca com\u00fan del mueble andaluz<\/strong> con el objetivo de impulsar y <strong>facilitar la incursi\u00f3n de las empresas del sector en los mercados internacionales<\/strong>. As\u00ed lo destac\u00f3 su titular, Paulino Plata, durante la firma del convenio entre la Agencia <strong>Andaluza de Promoci\u00f3n Exterior (Extenda)<\/strong> y la <strong>Uni\u00f3n de Empresarios de la Madera de C\u00f3rdoba (Unemac)<\/strong> para el desarrollo <strong>de un plan de internacionalizaci\u00f3n de la industria del mueble<\/strong>, la madera y afines de esta provincia, que tendr\u00e1 una duraci\u00f3n de tres a\u00f1os y ser\u00e1 financiado al 50% por la Junta y las 22 empresas participantes.<br \/>\n<!--more-->De esta forma, se pondr\u00e1 en marcha una oficina t\u00e9cnica que coordinar\u00e1 la ejecuci\u00f3n del plan con programas de seguimiento individualizados y un observatorio, y se fomentar\u00e1n las actividades de <strong>promoci\u00f3n comercial<\/strong> como la <strong>asistencia a ferias y la participaci\u00f3n en misiones directas y de prospecci\u00f3n<\/strong>. Para este a\u00f1o, la inversi\u00f3n de la Consejer\u00eda en esta iniciativa ser\u00e1 de 254.250 euros.<\/p>\n<p>En opini\u00f3n de Plata, &#8220;<strong>la internacionalizaci\u00f3n se ha convertido en una necesidad<\/strong> para un sector tan din\u00e1mico como \u00e9ste, que debe aprovechar sus ventajas en un mercado cada vez m\u00e1s competitivo y <strong>apostar por la diferenciaci\u00f3n<\/strong>, el dise\u00f1o y la <strong>calidad de sus productos<\/strong>&#8220;.<\/p>\n<p>En este sentido, se refiri\u00f3 a las &#8220;<strong>importantes oportunidades<\/strong>&#8221; para el sector que ofrece el <strong>mercado exterior<\/strong>, especialmente con motivo de la ampliaci\u00f3n de la Uni\u00f3n Europea a los pa\u00edses del Este, lo cual &#8220;abre un nuevo mercado de millones de consumidores con un poder adquisitivo cada vez mayor y donde est\u00e1n en expansi\u00f3n sectores \u00edntimamente ligados con el mueble, como son la construcci\u00f3n y el inmobiliario&#8221;.<\/p>\n<p><strong><em>Exportaciones<\/em><\/strong><br \/>\nEl consejero se\u00f1al\u00f3 que este convenio, que &#8220;debe servir de ejemplo a otros sectores&#8221;, tiene como misi\u00f3n &#8220;asentar las bases de la actividad exterior del sector andaluz del mueble&#8221;, que en 2005 export\u00f3 por valor de 95 millones de euros, lo que la sit\u00faa como cuarta comunidad aut\u00f3noma con un 7% del total nacional.<\/p>\n<p>El sector de la madera y el mueble en Andaluc\u00eda se compone de 8.116 establecimientos, de los cuales 2.291 (el 28,3%) se sit\u00faan en la provincia de C\u00f3rdoba. Las dos zonas de mayor densidad productiva de mobiliario en la comunidad son los municipios de Mancha Real (Ja\u00e9n) y Lucena (C\u00f3rdoba).<\/p>\n<p>El convenio suscrito hoy se suma a los programas de asesoramiento individualizado y de <strong>promoci\u00f3n comercial<\/strong> del sector del mueble andaluz que realiza Extenda desde hace 10 a\u00f1os. Entre estas actuaciones, que en 2006 supondr\u00e1n una inversi\u00f3n de 1.524.000 euros, destaca la participaci\u00f3n agrupada en las <strong>ferias internacionales<\/strong> de Madrid y Valencia y otras <strong>promociones en el exterior<\/strong>, como los salones de Par\u00eds y Mil\u00e1n, que se realizan en colaboraci\u00f3n con la asociaci\u00f3n nacional del sector, ANIEME. Infuma<\/p>\n","protected":false},"excerpt":{"rendered":"<p>Suscriben un convenio para poner en marcha un plan de internacionalizaci\u00f3n de esta industria en C\u00f3rdoba, con la participaci\u00f3n de 22 empresas. La Consejer\u00eda de Turismo, Comercio y Deporte promover\u00e1 la creaci\u00f3n de una marca com\u00fan del mueble andaluz con<span class=\"ellipsis\">&hellip;<\/span><\/p>\n<div class=\"read-more\"><a href=\"https:\/\/www.exportapymes.com\/comercio-exterior-america-esp\/promueven-creacion-de-una-marca-comun-del-mueble-andaluz-para-los-mercados-internacionales\/\">Leer m&aacute;s &#8250;<\/a><\/div>\n<p><!-- end of .read-more --><\/p>\n","protected":false},"author":1,"featured_media":0,"comment_status":"open","ping_status":"open","sticky":false,"template":"","format":"standard","meta":{"footnotes":""},"categories":[22],"tags":[],"class_list":["post-454","post","type-post","status-publish","format-standard","hentry","category-espana"],"_links":{"self":[{"href":"https:\/\/www.exportapymes.com\/comercio-exterior-america-esp\/wp-json\/wp\/v2\/posts\/454","targetHints":{"allow":["GET"]}}],"collection":[{"href":"https:\/\/www.exportapymes.com\/comercio-exterior-america-esp\/wp-json\/wp\/v2\/posts"}],"about":[{"href":"https:\/\/www.exportapymes.com\/comercio-exterior-america-esp\/wp-json\/wp\/v2\/types\/post"}],"author":[{"embeddable":true,"href":"https:\/\/www.exportapymes.com\/comercio-exterior-america-esp\/wp-json\/wp\/v2\/users\/1"}],"replies":[{"embeddable":true,"href":"https:\/\/www.exportapymes.com\/comercio-exterior-america-esp\/wp-json\/wp\/v2\/comments?post=454"}],"version-history":[{"count":0,"href":"https:\/\/www.exportapymes.com\/comercio-exterior-america-esp\/wp-json\/wp\/v2\/posts\/454\/revisions"}],"wp:attachment":[{"href":"https:\/\/www.exportapymes.com\/comercio-exterior-america-esp\/wp-json\/wp\/v2\/media?parent=454"}],"wp:term":[{"taxonomy":"category","embeddable":true,"href":"https:\/\/www.exportapymes.com\/comercio-exterior-america-esp\/wp-json\/wp\/v2\/categories?post=454"},{"taxonomy":"post_tag","embeddable":true,"href":"https:\/\/www.exportapymes.com\/comercio-exterior-america-esp\/wp-json\/wp\/v2\/tags?post=454"}],"curies":[{"name":"wp","href":"https:\/\/api.w.org\/{rel}","templated":true}]}}