{"id":458,"date":"2006-05-23T22:59:55","date_gmt":"2006-05-24T05:59:55","guid":{"rendered":"http:\/\/www.exportapymes.com\/comercio-exterior-america-esp\/costa-rica-anuncia-politica-comercial-hasta-el-2010\/"},"modified":"2006-05-23T22:59:55","modified_gmt":"2006-05-24T05:59:55","slug":"costa-rica-anuncia-politica-comercial-hasta-el-2010","status":"publish","type":"post","link":"https:\/\/www.exportapymes.com\/comercio-exterior-america-esp\/costa-rica-anuncia-politica-comercial-hasta-el-2010\/","title":{"rendered":"Costa Rica anuncia pol\u00edtica comercial hasta el 2010"},"content":{"rendered":"<p><strong>Costa Rica anunci\u00f3 los ejes centrales de su<\/strong> <strong>pol\u00edtica comercial hasta el 2010 que comprenden exportaciones, inversi\u00f3n, negociaciones comerciales y seguimiento a acuerdos suscritos<\/strong>.<br \/>\n<img decoding=\"async\" src=\"http:\/\/www.exportapymes.com\/comercio-exterior-america-esp\/images\/ban\/costa_rica.jpg\" \/>   &#8220;Buscamos alcanzar la<strong> meta de 11.000 millones de d\u00f3lares en exportaciones al 2010<\/strong>, atraer empresas de alto valor agregado y promover la aprobaci\u00f3n <strong>del tratado de libre comercio con Estados Unidos (CAFTA-RD)<\/strong> en el Congreso, dijo el <strong>ministro de Comercio Exterior Marco Vinicio Ruiz<\/strong>.<br \/>\n<!--more-->Costa Rica es la \u00fanica de las naciones firmantes del <strong>CAFTA<\/strong> que a\u00fan no lo ratifica. El convenio ingres\u00f3 a la Asamblea Legislativa en octubre del a\u00f1o pasado y contin\u00faa a\u00fan en discusi\u00f3n entre los diputados.<\/p>\n<p>Otro tema prioritario para el nuevo gobierno de Oscar Arias, ser\u00e1 finalizar la negociaci\u00f3n con Panam\u00e1 pues &#8220;El sector agroindustrial es el m\u00e1s interesado en mejorar la condici\u00f3n actual con ese pa\u00eds&#8221;, se\u00f1al\u00f3 en rueda de prensa.<\/p>\n<p>Expuso tambi\u00e9n que deber\u00e1n prepararse para iniciar la <strong>negociaci\u00f3n con la Uni\u00f3n Europea<\/strong> hacia un acuerdo <strong>de asociaci\u00f3n estrat\u00e9gica con Centroam\u00e9rica<\/strong> a fines de este a\u00f1o o principios del pr\u00f3ximo.<\/p>\n<p>&#8220;Europa es una regi\u00f3n fuerte con sus productos. Va a ser una negociaci\u00f3n dura. Ellos tendr\u00e1n que defender a sus productores y nosotros tambi\u00e9n como es el caso de los l\u00e1cteos, az\u00facar y banano incluso pensando en que algunos sean excluidos&#8221;, indic\u00f3.<\/p>\n<p>Ruiz plante\u00f3 que las inquietudes de los diversos sectores ser\u00e1n escuchadas, incluyendo al grupo sindical y ser\u00e1n tomadas en la definici\u00f3n de la posici\u00f3n como pa\u00eds.<\/p>\n<p>En cuanto a los tratados que Costa Rica ya suscribi\u00f3, expuso que realizar\u00e1n en un lapso de 90 d\u00edas un an\u00e1lisis de la situaci\u00f3n de cada uno y expuso que en el caso de los acuerdos con M\u00e9xico, Chile y Canad\u00e1 &#8220;no se est\u00e1n aprovechando&#8221; por lo que es necesario un claro programa de trabajo.<\/p>\n<p>Con respecto al acercamiento comercial con China plante\u00f3 que &#8220;no pueden ignorar que es la locomotora de la econom\u00eda mundial, su consumo interno est\u00e1 creciendo y por tanto estamos explorando su mercado pero no vamos a dar ning\u00fan paso hasta que haya una estrategia de gobierno&#8221;. AP<\/p>\n","protected":false},"excerpt":{"rendered":"<p>Costa Rica anunci\u00f3 los ejes centrales de su pol\u00edtica comercial hasta el 2010 que comprenden exportaciones, inversi\u00f3n, negociaciones comerciales y seguimiento a acuerdos suscritos. &#8220;Buscamos alcanzar la meta de 11.000 millones de d\u00f3lares en exportaciones al 2010, atraer empresas de<span class=\"ellipsis\">&hellip;<\/span><\/p>\n<div class=\"read-more\"><a href=\"https:\/\/www.exportapymes.com\/comercio-exterior-america-esp\/costa-rica-anuncia-politica-comercial-hasta-el-2010\/\">Leer m&aacute;s &#8250;<\/a><\/div>\n<p><!-- end of .read-more --><\/p>\n","protected":false},"author":1,"featured_media":0,"comment_status":"open","ping_status":"open","sticky":false,"template":"","format":"standard","meta":{"footnotes":""},"categories":[6],"tags":[],"class_list":["post-458","post","type-post","status-publish","format-standard","hentry","category-costa-rica"],"_links":{"self":[{"href":"https:\/\/www.exportapymes.com\/comercio-exterior-america-esp\/wp-json\/wp\/v2\/posts\/458","targetHints":{"allow":["GET"]}}],"collection":[{"href":"https:\/\/www.exportapymes.com\/comercio-exterior-america-esp\/wp-json\/wp\/v2\/posts"}],"about":[{"href":"https:\/\/www.exportapymes.com\/comercio-exterior-america-esp\/wp-json\/wp\/v2\/types\/post"}],"author":[{"embeddable":true,"href":"https:\/\/www.exportapymes.com\/comercio-exterior-america-esp\/wp-json\/wp\/v2\/users\/1"}],"replies":[{"embeddable":true,"href":"https:\/\/www.exportapymes.com\/comercio-exterior-america-esp\/wp-json\/wp\/v2\/comments?post=458"}],"version-history":[{"count":0,"href":"https:\/\/www.exportapymes.com\/comercio-exterior-america-esp\/wp-json\/wp\/v2\/posts\/458\/revisions"}],"wp:attachment":[{"href":"https:\/\/www.exportapymes.com\/comercio-exterior-america-esp\/wp-json\/wp\/v2\/media?parent=458"}],"wp:term":[{"taxonomy":"category","embeddable":true,"href":"https:\/\/www.exportapymes.com\/comercio-exterior-america-esp\/wp-json\/wp\/v2\/categories?post=458"},{"taxonomy":"post_tag","embeddable":true,"href":"https:\/\/www.exportapymes.com\/comercio-exterior-america-esp\/wp-json\/wp\/v2\/tags?post=458"}],"curies":[{"name":"wp","href":"https:\/\/api.w.org\/{rel}","templated":true}]}}