{"id":476,"date":"2006-05-30T15:26:36","date_gmt":"2006-05-30T22:26:36","guid":{"rendered":"http:\/\/www.exportapymes.com\/comercio-exterior-america-esp\/el-seguro-de-transporte-internacional\/"},"modified":"2006-05-30T15:26:36","modified_gmt":"2006-05-30T22:26:36","slug":"el-seguro-de-transporte-internacional","status":"publish","type":"post","link":"https:\/\/www.exportapymes.com\/comercio-exterior-america-esp\/el-seguro-de-transporte-internacional\/","title":{"rendered":"El seguro de transporte internacional"},"content":{"rendered":"<p><strong>Palam\u00f3s (Girona), 1 de junio<\/strong><br \/>\n\u201c<strong>El seguro de transporte internacional<\/strong>\u201d<br \/>\n<strong>Asegurar el transporte de las mercanc\u00edas exportadas<\/strong> es una pr\u00e1ctica habitual pero cuyos elementos esenciales merecen ser conocidos en detalle para minimizar los riesgos e inconvenientes.<br \/>\n<img decoding=\"async\" src=\"http:\/\/www.exportapymes.com\/comercio-exterior-america-esp\/images\/ban\/spain.jpg\" \/>   Este <strong>seminario<\/strong> parte de la consideraci\u00f3n general de este tipo de seguro, para detenerse m\u00e1s tarde en sus tres variantes principales -seg\u00fan el medio utilizado-, los tipos de p\u00f3lizas existentes y concluir enfocando desde un punto de vista pr\u00e1ctico los pasos a seguir en caso de incidentes con la mercanc\u00eda asegurada.<br \/>\n<!--more--><strong><em>El seguro de transporte internacional: Programa<\/em><\/strong><\/p>\n<p>10,00 RECEPCI\u00d3N DE ASISTENTES<\/p>\n<p>10,15 APERTURA<br \/>\nD. Xavier Ribera. President Comissi\u00f3 Comer\u00e7 Exterior, de la Cambra de Comer\u00e7 de Palam\u00f3s<br \/>\nD. Antoni Montserrat, Director Territorial de Comercio de Catalu\u00f1a &#8211; ICEX<\/p>\n<p>10,30 CONCEPTOS GENERALES Y PRINCIPIOS B\u00c1SICOS<br \/>\nElementos del contrato. Efectos del contrato. Principales modalidades.<br \/>\nLa prima de seguros.<\/p>\n<p>11,15 EL SEGURO MAR\u00cdTIMO DE MERCANC\u00cdAS<br \/>\nLa p\u00f3liza (sencilla, flotante, combinada)<br \/>\nCl\u00e1usulas del Institute Cargo Clauses. ICC \u201cC&#8221;. ICC \u201cB&#8221;. ICC \u201cA&#8221;<br \/>\nCl\u00e1usulas Warehouse to warehouse. Cl\u00e1usula de Guerra. Cl\u00e1usula de huelga<\/p>\n<p>12,00 PAUSA-CAF\u00c9<\/p>\n<p>12,15 EL SEGURO TERRESTRE DE MERCANC\u00cdAS<\/p>\n<p>12,45 EL SEGURO DE LOS ENV\u00cdOS POR V\u00cdA A\u00c9REA<\/p>\n<p>13,15 ACTUACI\u00d3N DEL ASEGURADO EN CASO DE SINIESTRO, AVER\u00cdA O DA\u00d1OS<\/p>\n<p>13,30 COLOQUIO<\/p>\n<p>14,00 CLAUSURA<\/p>\n<p>Ponente: Pedro Farreras. Consultor senior de Grup Integral<\/p>\n<p>&#8211; Lugar de celebraci\u00f3n<br \/>\nC\u00e1mara de Comercio de Industria y Navegaci\u00f3n de Palam\u00f3s<br \/>\nPla\u00e7a Murada, 1<br \/>\nPALAMOS  17230  GIRONA<br \/>\nAsistencia gratuita    <\/p>\n","protected":false},"excerpt":{"rendered":"<p>Palam\u00f3s (Girona), 1 de junio \u201cEl seguro de transporte internacional\u201d Asegurar el transporte de las mercanc\u00edas exportadas es una pr\u00e1ctica habitual pero cuyos elementos esenciales merecen ser conocidos en detalle para minimizar los riesgos e inconvenientes. Este seminario parte de<span class=\"ellipsis\">&hellip;<\/span><\/p>\n<div class=\"read-more\"><a href=\"https:\/\/www.exportapymes.com\/comercio-exterior-america-esp\/el-seguro-de-transporte-internacional\/\">Leer m&aacute;s &#8250;<\/a><\/div>\n<p><!-- end of .read-more --><\/p>\n","protected":false},"author":1,"featured_media":0,"comment_status":"open","ping_status":"open","sticky":false,"template":"","format":"standard","meta":{"footnotes":""},"categories":[22],"tags":[],"class_list":["post-476","post","type-post","status-publish","format-standard","hentry","category-espana"],"_links":{"self":[{"href":"https:\/\/www.exportapymes.com\/comercio-exterior-america-esp\/wp-json\/wp\/v2\/posts\/476","targetHints":{"allow":["GET"]}}],"collection":[{"href":"https:\/\/www.exportapymes.com\/comercio-exterior-america-esp\/wp-json\/wp\/v2\/posts"}],"about":[{"href":"https:\/\/www.exportapymes.com\/comercio-exterior-america-esp\/wp-json\/wp\/v2\/types\/post"}],"author":[{"embeddable":true,"href":"https:\/\/www.exportapymes.com\/comercio-exterior-america-esp\/wp-json\/wp\/v2\/users\/1"}],"replies":[{"embeddable":true,"href":"https:\/\/www.exportapymes.com\/comercio-exterior-america-esp\/wp-json\/wp\/v2\/comments?post=476"}],"version-history":[{"count":0,"href":"https:\/\/www.exportapymes.com\/comercio-exterior-america-esp\/wp-json\/wp\/v2\/posts\/476\/revisions"}],"wp:attachment":[{"href":"https:\/\/www.exportapymes.com\/comercio-exterior-america-esp\/wp-json\/wp\/v2\/media?parent=476"}],"wp:term":[{"taxonomy":"category","embeddable":true,"href":"https:\/\/www.exportapymes.com\/comercio-exterior-america-esp\/wp-json\/wp\/v2\/categories?post=476"},{"taxonomy":"post_tag","embeddable":true,"href":"https:\/\/www.exportapymes.com\/comercio-exterior-america-esp\/wp-json\/wp\/v2\/tags?post=476"}],"curies":[{"name":"wp","href":"https:\/\/api.w.org\/{rel}","templated":true}]}}