{"id":477,"date":"2006-05-25T15:47:18","date_gmt":"2006-05-25T22:47:18","guid":{"rendered":"http:\/\/www.exportapymes.com\/comercio-exterior-america-esp\/aumenta-el-numero-de-empresas-en-las-jornadas-aprendiendo-a-exportar\/"},"modified":"2006-06-02T15:56:16","modified_gmt":"2006-06-02T22:56:16","slug":"aumenta-el-numero-de-empresas-en-las-jornadas-aprendiendo-a-exportar","status":"publish","type":"post","link":"https:\/\/www.exportapymes.com\/comercio-exterior-america-esp\/aumenta-el-numero-de-empresas-en-las-jornadas-aprendiendo-a-exportar\/","title":{"rendered":"Aumenta el n\u00famero de empresas en las jornadas \u201cAprendiendo a Exportar\u201d"},"content":{"rendered":"<p>Celebrada el pasado 11 de mayo, en San Sebasti\u00e1n.<br \/>\n<img decoding=\"async\" src=\"http:\/\/www.exportapymes.com\/comercio-exterior-america-esp\/images\/ban\/spain.jpg\" \/>   Un total de 477 empresas acudieron a la <strong>Jornada \u201cAprendiendo a Exportar\u201d<\/strong>, organizada por el <strong>Instituto Espa\u00f1ol de Comercio Exterior, ICEX<\/strong>, que se ha celebrado el d\u00eda 11 de mayo en San Sebasti\u00e1n. De ellas 250 se interesaron por los distintos <strong>programas y servicios de apoyo a la exportaci\u00f3n<\/strong> que se ofrecieron en los stands del <strong>area de internacionalizaci\u00f3n<\/strong> (<strong>Aprendiendo a Exportar, PIPE, ICEX etc<\/strong>).<br \/>\n<!--more-->En dichas jornadas las empresas recibieron asesoramiento personalizado en diversas materias relacionadas con la <strong>competitividad de la pyme y sobre c\u00f3mo iniciarse en los mercados exteriores<\/strong>. Como parte de la Jornada tres empresas: Lanik S.A, Loreak Mendian S.L y CENTORK S.L contaron su <strong>experiencia en los mercados exteriores<\/strong>.<\/p>\n<p>A partir de este momento, como parte del <strong>programa<\/strong> \u201c<strong>Aprendiendo a Exportar<\/strong>\u201d, <strong>especialistas en comercio exterior<\/strong> realizar\u00e1n un diagn\u00f3stico personalizado de cada una de las empresas inscritas, y de todas las que se sumen al programa. Posteriormente, se dirigir\u00e1 a las empresas hacia los programas y servicios de iniciaci\u00f3n a la exportaci\u00f3n m\u00e1s acordes con su situaci\u00f3n actual, en funci\u00f3n del an\u00e1lisis que se les haya elaborado.<\/p>\n<p>Las pr\u00f3ximas jornadas ser\u00e1n en Ciudad Real, el d\u00eda 7 de junio.<\/p>\n","protected":false},"excerpt":{"rendered":"<p>Celebrada el pasado 11 de mayo, en San Sebasti\u00e1n. Un total de 477 empresas acudieron a la Jornada \u201cAprendiendo a Exportar\u201d, organizada por el Instituto Espa\u00f1ol de Comercio Exterior, ICEX, que se ha celebrado el d\u00eda 11 de mayo en<span class=\"ellipsis\">&hellip;<\/span><\/p>\n<div class=\"read-more\"><a href=\"https:\/\/www.exportapymes.com\/comercio-exterior-america-esp\/aumenta-el-numero-de-empresas-en-las-jornadas-aprendiendo-a-exportar\/\">Leer m&aacute;s &#8250;<\/a><\/div>\n<p><!-- end of .read-more --><\/p>\n","protected":false},"author":1,"featured_media":0,"comment_status":"open","ping_status":"open","sticky":false,"template":"","format":"standard","meta":{"footnotes":""},"categories":[22,1],"tags":[],"class_list":["post-477","post","type-post","status-publish","format-standard","hentry","category-espana","category-uncategorized"],"_links":{"self":[{"href":"https:\/\/www.exportapymes.com\/comercio-exterior-america-esp\/wp-json\/wp\/v2\/posts\/477","targetHints":{"allow":["GET"]}}],"collection":[{"href":"https:\/\/www.exportapymes.com\/comercio-exterior-america-esp\/wp-json\/wp\/v2\/posts"}],"about":[{"href":"https:\/\/www.exportapymes.com\/comercio-exterior-america-esp\/wp-json\/wp\/v2\/types\/post"}],"author":[{"embeddable":true,"href":"https:\/\/www.exportapymes.com\/comercio-exterior-america-esp\/wp-json\/wp\/v2\/users\/1"}],"replies":[{"embeddable":true,"href":"https:\/\/www.exportapymes.com\/comercio-exterior-america-esp\/wp-json\/wp\/v2\/comments?post=477"}],"version-history":[{"count":0,"href":"https:\/\/www.exportapymes.com\/comercio-exterior-america-esp\/wp-json\/wp\/v2\/posts\/477\/revisions"}],"wp:attachment":[{"href":"https:\/\/www.exportapymes.com\/comercio-exterior-america-esp\/wp-json\/wp\/v2\/media?parent=477"}],"wp:term":[{"taxonomy":"category","embeddable":true,"href":"https:\/\/www.exportapymes.com\/comercio-exterior-america-esp\/wp-json\/wp\/v2\/categories?post=477"},{"taxonomy":"post_tag","embeddable":true,"href":"https:\/\/www.exportapymes.com\/comercio-exterior-america-esp\/wp-json\/wp\/v2\/tags?post=477"}],"curies":[{"name":"wp","href":"https:\/\/api.w.org\/{rel}","templated":true}]}}