{"id":483,"date":"2006-06-02T22:07:20","date_gmt":"2006-06-03T05:07:20","guid":{"rendered":"http:\/\/www.exportapymes.com\/comercio-exterior-america-esp\/promueven-inversion-y-exportaciones-en-el-salvador\/"},"modified":"2006-06-02T22:07:20","modified_gmt":"2006-06-03T05:07:20","slug":"promueven-inversion-y-exportaciones-en-el-salvador","status":"publish","type":"post","link":"https:\/\/www.exportapymes.com\/comercio-exterior-america-esp\/promueven-inversion-y-exportaciones-en-el-salvador\/","title":{"rendered":"Promueven inversi\u00f3n y exportaciones en El Salvador"},"content":{"rendered":"<p>La <strong>promoci\u00f3n de las exportaciones de productos salvadore\u00f1os<\/strong>, y la <strong>atracci\u00f3n de capitales extranjeros<\/strong> al pa\u00eds, han sido dos de las prioridades del actual gobierno.<br \/>\n<img decoding=\"async\" src=\"http:\/\/www.exportapymes.com\/comercio-exterior-america-esp\/images\/ban\/el_salvador.jpg\" \/>   \u201cConcultura ha desarrollado algunos proyectos de restauraci\u00f3n de infraestructuras consideradas patrimonio cultural, como la casa de la cultura de Santiago de Mar\u00eda, el Teatro Nacional, el Museo regional de Oriente, la ex Casa Presidencial, entre otras\u201d, asegur\u00f3 el presidente de la entidad cultural, Federico Hern\u00e1ndez.<br \/>\n<!--more-->Asimismo, el funcionario dijo que \u201cun aproximado de 11.8 millones de d\u00f3lares han sido utilizados en remuneraci\u00f3n, transferencia de fondos y en bienes y servicios para fomentar el quehacer cultural\u201d.<\/p>\n<p><em>Otras \u00e1reas<\/em><br \/>\nEn el \u00e1rea de bellas artes, la Directora Nacional Lovey de Arg\u00fcello, inform\u00f3 que un aproximado de 300 mil personas asisti\u00f3 a las diferentes presentaciones de teatro, danza, m\u00fasica, literatura y exposiciones de artes visuales promovidas por Concultura y otras organizaciones.<\/p>\n<p>Por su parte, la Direcci\u00f3n Nacional de Espacios de Desarrollo Cultural, a cargo de Jos\u00e9 Manuel Bonilla, se destac\u00f3 en el fortalecimiento de las casas de la cultura y de los lugares de recreo como el Parque Infantil de Diversiones, el Saburo Hirao y el parque Zool\u00f3gico.<\/p>\n<p>Sobre \u00e9ste \u00faltimo, Bonilla afirm\u00f3 que han realizado trabajos de reestructuraci\u00f3n y limpieza general, dadas las irregularidades que se suscitaron el a\u00f1o pasado; tambi\u00e9n se fortaleci\u00f3 el \u00e1rea de veterinaria para revisar el estado f\u00edsico y nutricional de los animales.<\/p>\n<p>Adem\u00e1s de esto, los sitios arqueol\u00f3gicos y paleontol\u00f3gicos del pa\u00eds han recibido mucha atenci\u00f3n en este a\u00f1o reci\u00e9n pasado. Los hallazgos de Tazumal y Tomayate han cobrado trascendencia internacional, manifest\u00f3 H\u00e9ctor Ismael Serme\u00f1o, Director Nacional de Patrimonio Cultural.<\/p>\n<p>Esta direcci\u00f3n de Concultura contin\u00faa con los trabajos de investigaci\u00f3n en los diferentes sitios arqueol\u00f3gicos adem\u00e1s de iniciar excavaciones en Quelepa y Cihuat\u00e1n; asimismo continuar con las reparaciones en otras construcciones del patrimonio cultural. Sara Flores. El Mundo<\/p>\n","protected":false},"excerpt":{"rendered":"<p>La promoci\u00f3n de las exportaciones de productos salvadore\u00f1os, y la atracci\u00f3n de capitales extranjeros al pa\u00eds, han sido dos de las prioridades del actual gobierno. \u201cConcultura ha desarrollado algunos proyectos de restauraci\u00f3n de infraestructuras consideradas patrimonio cultural, como la casa<span class=\"ellipsis\">&hellip;<\/span><\/p>\n<div class=\"read-more\"><a href=\"https:\/\/www.exportapymes.com\/comercio-exterior-america-esp\/promueven-inversion-y-exportaciones-en-el-salvador\/\">Leer m&aacute;s &#8250;<\/a><\/div>\n<p><!-- end of .read-more --><\/p>\n","protected":false},"author":1,"featured_media":0,"comment_status":"open","ping_status":"open","sticky":false,"template":"","format":"standard","meta":{"footnotes":""},"categories":[9],"tags":[],"class_list":["post-483","post","type-post","status-publish","format-standard","hentry","category-el-salvador"],"_links":{"self":[{"href":"https:\/\/www.exportapymes.com\/comercio-exterior-america-esp\/wp-json\/wp\/v2\/posts\/483","targetHints":{"allow":["GET"]}}],"collection":[{"href":"https:\/\/www.exportapymes.com\/comercio-exterior-america-esp\/wp-json\/wp\/v2\/posts"}],"about":[{"href":"https:\/\/www.exportapymes.com\/comercio-exterior-america-esp\/wp-json\/wp\/v2\/types\/post"}],"author":[{"embeddable":true,"href":"https:\/\/www.exportapymes.com\/comercio-exterior-america-esp\/wp-json\/wp\/v2\/users\/1"}],"replies":[{"embeddable":true,"href":"https:\/\/www.exportapymes.com\/comercio-exterior-america-esp\/wp-json\/wp\/v2\/comments?post=483"}],"version-history":[{"count":0,"href":"https:\/\/www.exportapymes.com\/comercio-exterior-america-esp\/wp-json\/wp\/v2\/posts\/483\/revisions"}],"wp:attachment":[{"href":"https:\/\/www.exportapymes.com\/comercio-exterior-america-esp\/wp-json\/wp\/v2\/media?parent=483"}],"wp:term":[{"taxonomy":"category","embeddable":true,"href":"https:\/\/www.exportapymes.com\/comercio-exterior-america-esp\/wp-json\/wp\/v2\/categories?post=483"},{"taxonomy":"post_tag","embeddable":true,"href":"https:\/\/www.exportapymes.com\/comercio-exterior-america-esp\/wp-json\/wp\/v2\/tags?post=483"}],"curies":[{"name":"wp","href":"https:\/\/api.w.org\/{rel}","templated":true}]}}