{"id":486,"date":"2006-06-02T22:50:45","date_gmt":"2006-06-03T05:50:45","guid":{"rendered":"http:\/\/www.exportapymes.com\/comercio-exterior-america-esp\/consejo-interterritorial-de-internacionalizacion\/"},"modified":"2006-06-02T22:50:45","modified_gmt":"2006-06-03T05:50:45","slug":"consejo-interterritorial-de-internacionalizacion","status":"publish","type":"post","link":"https:\/\/www.exportapymes.com\/comercio-exterior-america-esp\/consejo-interterritorial-de-internacionalizacion\/","title":{"rendered":"Consejo Interterritorial de Internacionalizaci\u00f3n"},"content":{"rendered":"<p>El <strong>ministro de Industria, Turismo y Comercio, Jos\u00e9 Montilla<\/strong>, presidi\u00f3 la constituci\u00f3n del <strong>Consejo Interterritorial de Internacionalizaci\u00f3n<\/strong>, cuyo objetivo es la colaboraci\u00f3n de las Administraciones P\u00fablicas Central y Auton\u00f3mica y el sector privado en el <strong>proceso de internacionalizaci\u00f3n de empresas<\/strong>.<br \/>\n<img decoding=\"async\" src=\"http:\/\/www.exportapymes.com\/comercio-exterior-america-esp\/images\/ban\/spain.jpg\" \/>   Los objetivos primordiales del Consejo ser\u00e1n, seg\u00fan el secretario de Estado de Turismo y Comercio, Pedro Mej\u00eda, &#8220;la<strong> promoci\u00f3n comercial de bienes y servicios y la presencia exterior<\/strong> a trav\u00e9s de inversi\u00f3n y otros mecanismos, as\u00ed<br \/>\n<!--more-->como a la atracci\u00f3n de inversi\u00f3n extranjera en Espa\u00f1a&#8221;, y fomentar &#8220;una participaci\u00f3n activa&#8221; de las comunidades aut\u00f3nomas.<\/p>\n<p>En este punto mencion\u00f3 el caso del <strong>Comit\u00e9 de Promoci\u00f3n Comercial<\/strong>, en cuyo seno ya hay algunos ejemplos de colaboraci\u00f3n entre comunidades aut\u00f3nomas, sector privado y Administraci\u00f3n Central, como el <strong>Programa de Iniciaci\u00f3n a Promoci\u00f3n Exterior (PIPE) o el programa Aprendiendo a Exportar<\/strong>.<\/p>\n<p>El Consejo pretende servir de foro de debate e intercambio de opini\u00f3n entre las entidades p\u00fablicas y privadas y actuar\u00e1 a favor de la<strong> internacionalizaci\u00f3n de la empresa espa\u00f1ola<\/strong>, mediante la implantaci\u00f3n de <strong>pol\u00edticas de promoci\u00f3n en el exterior<\/strong> y de atracci\u00f3n de inversiones extranjeras en Espa\u00f1a.<\/p>\n<p><em>Entre otros objetivos se persigue:<\/em><br \/>\n&#8211; favorecer la colaboraci\u00f3n con todas las instituciones y rentabilizar al m\u00e1ximo los recursos dedicados a la <strong>promoci\u00f3n y atracci\u00f3n de inversiones<\/strong><br \/>\n&#8211; evitar duplicidades y ampliar las <strong>propuestas de apoyo a la internacionalizaci\u00f3n<\/strong><br \/>\n&#8211; identificar nuevos \u00e1mbitos de colaboraci\u00f3n<br \/>\n&#8211; crear una red de efecto multiplicador para <strong>posicionar Espa\u00f1a como pa\u00eds competitivo<\/strong>, <strong>tecnol\u00f3gicamente avanzado<\/strong> y atractivo para la inversi\u00f3n extranjera.<br \/>\n&#8211; trabajar conjuntamente para <strong>prestar servicios de valor a\u00f1adido<\/strong> a los inversores extranjeros ya establecidos con el fin de retener la inversi\u00f3n y fomentar la reinversi\u00f3n<br \/>\n&#8211; detectar todos los obst\u00e1culos y trabas que supongan un deterioro de la capacidad de atracci\u00f3n de inversiones<br \/>\n&#8211; elaborar recomendaciones que permitan mejorar el clima de inversi\u00f3n en Espa\u00f1a.<\/p>\n<p>El Consejo se estructura de la siguiente forma: Pleno, Comit\u00e9 para la <strong>Promoci\u00f3n Exterior de bienes, servicios e inversiones en el exterior<\/strong> y Comit\u00e9 para la Atracci\u00f3n de Inversiones extranjeras en Espa\u00f1a y Secretar\u00eda T\u00e9cnica.<\/p>\n<p>El Pleno del Consejo lo preside el ministro de Industria, Turismo y Comercio, actuando de vicepresidente el secretario de Estado de Turismo y Comercio. Contar\u00e1 asimismo con los siguientes vocales: un titular, con rango de Consejero, por cada Comunidad, Ciudad Aut\u00f3noma y competencia en promoci\u00f3n exterior; el presidente de la Confederaci\u00f3n Espa\u00f1ola de Organizaciones Empresariales (CEOE); el presidente del Consejo Superior de C\u00e1maras de Comercio Industria y Navegaci\u00f3n; el secretario General de Comercio Exterior; el vicepresidente Ejecutivo del Instituto de Comercio exterior (ICEX); el director general de Comercio e Inversiones; y la consejera delegada de la Sociedad Estatal para la Promoci\u00f3n y Atracci\u00f3n de Inversiones Exteriores S.A.<\/p>\n","protected":false},"excerpt":{"rendered":"<p>El ministro de Industria, Turismo y Comercio, Jos\u00e9 Montilla, presidi\u00f3 la constituci\u00f3n del Consejo Interterritorial de Internacionalizaci\u00f3n, cuyo objetivo es la colaboraci\u00f3n de las Administraciones P\u00fablicas Central y Auton\u00f3mica y el sector privado en el proceso de internacionalizaci\u00f3n de empresas.<span class=\"ellipsis\">&hellip;<\/span><\/p>\n<div class=\"read-more\"><a href=\"https:\/\/www.exportapymes.com\/comercio-exterior-america-esp\/consejo-interterritorial-de-internacionalizacion\/\">Leer m&aacute;s &#8250;<\/a><\/div>\n<p><!-- end of .read-more --><\/p>\n","protected":false},"author":1,"featured_media":0,"comment_status":"open","ping_status":"open","sticky":false,"template":"","format":"standard","meta":{"footnotes":""},"categories":[22],"tags":[],"class_list":["post-486","post","type-post","status-publish","format-standard","hentry","category-espana"],"_links":{"self":[{"href":"https:\/\/www.exportapymes.com\/comercio-exterior-america-esp\/wp-json\/wp\/v2\/posts\/486","targetHints":{"allow":["GET"]}}],"collection":[{"href":"https:\/\/www.exportapymes.com\/comercio-exterior-america-esp\/wp-json\/wp\/v2\/posts"}],"about":[{"href":"https:\/\/www.exportapymes.com\/comercio-exterior-america-esp\/wp-json\/wp\/v2\/types\/post"}],"author":[{"embeddable":true,"href":"https:\/\/www.exportapymes.com\/comercio-exterior-america-esp\/wp-json\/wp\/v2\/users\/1"}],"replies":[{"embeddable":true,"href":"https:\/\/www.exportapymes.com\/comercio-exterior-america-esp\/wp-json\/wp\/v2\/comments?post=486"}],"version-history":[{"count":0,"href":"https:\/\/www.exportapymes.com\/comercio-exterior-america-esp\/wp-json\/wp\/v2\/posts\/486\/revisions"}],"wp:attachment":[{"href":"https:\/\/www.exportapymes.com\/comercio-exterior-america-esp\/wp-json\/wp\/v2\/media?parent=486"}],"wp:term":[{"taxonomy":"category","embeddable":true,"href":"https:\/\/www.exportapymes.com\/comercio-exterior-america-esp\/wp-json\/wp\/v2\/categories?post=486"},{"taxonomy":"post_tag","embeddable":true,"href":"https:\/\/www.exportapymes.com\/comercio-exterior-america-esp\/wp-json\/wp\/v2\/tags?post=486"}],"curies":[{"name":"wp","href":"https:\/\/api.w.org\/{rel}","templated":true}]}}