{"id":493,"date":"2006-06-02T23:56:49","date_gmt":"2006-06-03T06:56:49","guid":{"rendered":"http:\/\/www.exportapymes.com\/comercio-exterior-america-esp\/programa-de-capacitacion-miercoles-del-exportador-de-prompex\/"},"modified":"2006-06-02T23:56:49","modified_gmt":"2006-06-03T06:56:49","slug":"programa-de-capacitacion-miercoles-del-exportador-de-prompex","status":"publish","type":"post","link":"https:\/\/www.exportapymes.com\/comercio-exterior-america-esp\/programa-de-capacitacion-miercoles-del-exportador-de-prompex\/","title":{"rendered":"Programa de Capacitaci\u00f3n &#8220;Mi\u00e9rcoles del Exportador&#8221; de PROMPEX"},"content":{"rendered":"<p>7\/06\/2006<br \/>\nLa <strong>Agencia para la Promoci\u00f3n de Exportaciones del Per\u00fa PROMPEX<\/strong>, continua con los &#8220;<strong>Mi\u00e9rcoles del Exportador<\/strong>&#8221; con el prop\u00f3sito de fortalecer y ampliar los <strong>conocimientos en comercio exterior de las medianas, peque\u00f1as y micro empresas<\/strong>.<br \/>\n<img decoding=\"async\" src=\"http:\/\/www.exportapymes.com\/comercio-exterior-america-esp\/images\/ban\/peru.jpg\" \/>   Estos <strong>seminarios<\/strong> son presentados por especialistas de <strong>PROMPEX<\/strong> y otras instituciones relacionadas a la <strong>cadena exportadora<\/strong>. Pr\u00f3ximo evento:<br \/>\n<!--more-->Programa para el d\u00eda 7\/06\/2006<\/p>\n<p>9:00-11:00 Proceso operativo de exportaci\u00f3n (1ra parte)<br \/>\n11:00-13:00 Gesti\u00f3n estrat\u00e9gica<br \/>\n15:00-18:00 Buenas pr\u00e1cticas agr\u00edcolas<br \/>\n19:00-21:00 Drawback<\/p>\n<p><em>\u00bfCOMO PARTICIPAR?<br \/>\n<\/em>Realice su preinscripci\u00f3n a trav\u00e9s de Internet: <a href=\"http:\/\/www.prompex.gob.pe\/prompex\/documents\/mailing\/2006\/me\/registro.xls\">DESCARGAR FICHA<\/a><br \/>\n Realice el pago correspondiente en Caja de PROMPEX, de acuerdo al tipo de evento:<br \/>\nCOSTO DE PARTICIPACI\u00d3N:<br \/>\n(1) S\/. 10 <\/p>\n<p>Asista portando su DNI para ingresar a PROMPEX.<\/p>\n","protected":false},"excerpt":{"rendered":"<p>7\/06\/2006 La Agencia para la Promoci\u00f3n de Exportaciones del Per\u00fa PROMPEX, continua con los &#8220;Mi\u00e9rcoles del Exportador&#8221; con el prop\u00f3sito de fortalecer y ampliar los conocimientos en comercio exterior de las medianas, peque\u00f1as y micro empresas. Estos seminarios son presentados<span class=\"ellipsis\">&hellip;<\/span><\/p>\n<div class=\"read-more\"><a href=\"https:\/\/www.exportapymes.com\/comercio-exterior-america-esp\/programa-de-capacitacion-miercoles-del-exportador-de-prompex\/\">Leer m&aacute;s &#8250;<\/a><\/div>\n<p><!-- end of .read-more --><\/p>\n","protected":false},"author":1,"featured_media":0,"comment_status":"open","ping_status":"open","sticky":false,"template":"","format":"standard","meta":{"footnotes":""},"categories":[17],"tags":[],"class_list":["post-493","post","type-post","status-publish","format-standard","hentry","category-peru"],"_links":{"self":[{"href":"https:\/\/www.exportapymes.com\/comercio-exterior-america-esp\/wp-json\/wp\/v2\/posts\/493","targetHints":{"allow":["GET"]}}],"collection":[{"href":"https:\/\/www.exportapymes.com\/comercio-exterior-america-esp\/wp-json\/wp\/v2\/posts"}],"about":[{"href":"https:\/\/www.exportapymes.com\/comercio-exterior-america-esp\/wp-json\/wp\/v2\/types\/post"}],"author":[{"embeddable":true,"href":"https:\/\/www.exportapymes.com\/comercio-exterior-america-esp\/wp-json\/wp\/v2\/users\/1"}],"replies":[{"embeddable":true,"href":"https:\/\/www.exportapymes.com\/comercio-exterior-america-esp\/wp-json\/wp\/v2\/comments?post=493"}],"version-history":[{"count":0,"href":"https:\/\/www.exportapymes.com\/comercio-exterior-america-esp\/wp-json\/wp\/v2\/posts\/493\/revisions"}],"wp:attachment":[{"href":"https:\/\/www.exportapymes.com\/comercio-exterior-america-esp\/wp-json\/wp\/v2\/media?parent=493"}],"wp:term":[{"taxonomy":"category","embeddable":true,"href":"https:\/\/www.exportapymes.com\/comercio-exterior-america-esp\/wp-json\/wp\/v2\/categories?post=493"},{"taxonomy":"post_tag","embeddable":true,"href":"https:\/\/www.exportapymes.com\/comercio-exterior-america-esp\/wp-json\/wp\/v2\/tags?post=493"}],"curies":[{"name":"wp","href":"https:\/\/api.w.org\/{rel}","templated":true}]}}