{"id":507,"date":"2006-06-06T22:03:04","date_gmt":"2006-06-07T05:03:04","guid":{"rendered":"http:\/\/www.exportapymes.com\/comercio-exterior-america-esp\/brasil-y-estados-unidos-buscan-ampliar-el-comercio-bilateral\/"},"modified":"2006-06-06T22:03:04","modified_gmt":"2006-06-07T05:03:04","slug":"brasil-y-estados-unidos-buscan-ampliar-el-comercio-bilateral","status":"publish","type":"post","link":"https:\/\/www.exportapymes.com\/comercio-exterior-america-esp\/brasil-y-estados-unidos-buscan-ampliar-el-comercio-bilateral\/","title":{"rendered":"Brasil y Estados Unidos buscan ampliar el comercio bilateral"},"content":{"rendered":"<p>Los gobiernos de Brasil y de EE.UU acordaron en R\u00edo de Janeiro reducir las trabas al comercio y a las inversiones entre los dos pa\u00edses, cuyo intercambio comercial actual ronda los 40.000 millones de d\u00f3lares anuales.<br \/>\n<img decoding=\"async\" src=\"http:\/\/www.exportapymes.com\/comercio-exterior-america-esp\/images\/ban\/brasil.jpg\" \/>   El <strong>secretario de Comercio estadounidense<\/strong>, <strong>Carlos Guti\u00e9rrez<\/strong>, y el ministro brasile\u00f1o de <strong>Desarrollo, Industria y Comercio Exterior de Brasil<\/strong>, <strong>Luiz Fernando Furlan<\/strong>, establecieron un plazo de 60 d\u00edas para que cuatro grupos de trabajo elaboren un informe sobre las perspectivas y potencialidades de estas relaciones <strong>comerciales<\/strong>.<br \/>\n<!--more-->Ambos ministros firmaron en una reuni\u00f3n en R\u00edo de Janeiro una carta de intenciones para crear un &#8216;Mecanismo de Consultas Informales&#8217; que impulse el acercamiento mutuo y ayude a superar los obst\u00e1culos comerciales.<\/p>\n<p>Sin embargo, no hablaron de metas m\u00e1s ambiciosas, como la reducci\u00f3n de aranceles y el congelado <strong>Acuerdo de Libre Comercio de las Am\u00e9ricas (ALCA)<\/strong>, que abandera Washington.<\/p>\n<p>En septiembre pasado, en los Estados Unidos una nueva reuni\u00f3n de ambos ministros y sus equipos t\u00e9cnicos evaluar\u00e1 el informe de las comisiones y trazar\u00e1 estrategias de trabajo al respecto.<\/p>\n<p>&#8216;Cuando nos reunamos en septiembre tendremos metas bien ambiciosas&#8217;, dijo Guti\u00e9rrez, quien cumple una visita de cuatro d\u00edas a Brasil para impulsar el comercio bilateral, que seg\u00fan dijo ha crecido por debajo de su potencialidad.<\/p>\n<p>Los ministros no arriesgaron cifras sobre las perspectivas de crecimiento del comercio conjunto, que a pesar de estar en casi 40.000 millones de d\u00f3lares anuales est\u00e1 muy por debajo del potencial per c\u00e1pita, seg\u00fan Guti\u00e9rrez.<\/p>\n<p>El &#8216;Mecanismo de Consultas Informales&#8217; fue creado en septiembre pasado tras una visita a Brasil del presidente estadounidense, George Bush.<\/p>\n<p>La cita de las delegaciones encabezadas por los dos ministros incluy\u00f3 reuniones de cuatro grupos de trabajo.<\/p>\n<p>Unos de ello se refiere a la cooperaci\u00f3n entre Instituto Nacional de Metrolog\u00eda, Normalizaci\u00f3n y Calidad Industrial de Brasil y el Instituto Nacional de Patrones y Tecnolog\u00eda (Nist) de los Estados Unidos para superar barreras t\u00e9cnicas.<\/p>\n<p>Los otros grupos de trabajo incluyen la <strong>promoci\u00f3n de exportaciones e inversiones<\/strong>, la <strong>facilitaci\u00f3n de negocios<\/strong>, y la cooperaci\u00f3n entre organismos responsables de la propiedad intelectual e industrial.<\/p>\n","protected":false},"excerpt":{"rendered":"<p>Los gobiernos de Brasil y de EE.UU acordaron en R\u00edo de Janeiro reducir las trabas al comercio y a las inversiones entre los dos pa\u00edses, cuyo intercambio comercial actual ronda los 40.000 millones de d\u00f3lares anuales. El secretario de Comercio<span class=\"ellipsis\">&hellip;<\/span><\/p>\n<div class=\"read-more\"><a href=\"https:\/\/www.exportapymes.com\/comercio-exterior-america-esp\/brasil-y-estados-unidos-buscan-ampliar-el-comercio-bilateral\/\">Leer m&aacute;s &#8250;<\/a><\/div>\n<p><!-- end of .read-more --><\/p>\n","protected":false},"author":1,"featured_media":0,"comment_status":"open","ping_status":"open","sticky":false,"template":"","format":"standard","meta":{"footnotes":""},"categories":[3],"tags":[],"class_list":["post-507","post","type-post","status-publish","format-standard","hentry","category-brasil"],"_links":{"self":[{"href":"https:\/\/www.exportapymes.com\/comercio-exterior-america-esp\/wp-json\/wp\/v2\/posts\/507","targetHints":{"allow":["GET"]}}],"collection":[{"href":"https:\/\/www.exportapymes.com\/comercio-exterior-america-esp\/wp-json\/wp\/v2\/posts"}],"about":[{"href":"https:\/\/www.exportapymes.com\/comercio-exterior-america-esp\/wp-json\/wp\/v2\/types\/post"}],"author":[{"embeddable":true,"href":"https:\/\/www.exportapymes.com\/comercio-exterior-america-esp\/wp-json\/wp\/v2\/users\/1"}],"replies":[{"embeddable":true,"href":"https:\/\/www.exportapymes.com\/comercio-exterior-america-esp\/wp-json\/wp\/v2\/comments?post=507"}],"version-history":[{"count":0,"href":"https:\/\/www.exportapymes.com\/comercio-exterior-america-esp\/wp-json\/wp\/v2\/posts\/507\/revisions"}],"wp:attachment":[{"href":"https:\/\/www.exportapymes.com\/comercio-exterior-america-esp\/wp-json\/wp\/v2\/media?parent=507"}],"wp:term":[{"taxonomy":"category","embeddable":true,"href":"https:\/\/www.exportapymes.com\/comercio-exterior-america-esp\/wp-json\/wp\/v2\/categories?post=507"},{"taxonomy":"post_tag","embeddable":true,"href":"https:\/\/www.exportapymes.com\/comercio-exterior-america-esp\/wp-json\/wp\/v2\/tags?post=507"}],"curies":[{"name":"wp","href":"https:\/\/api.w.org\/{rel}","templated":true}]}}