{"id":52,"date":"2006-02-13T17:20:58","date_gmt":"2006-02-13T22:20:58","guid":{"rendered":"http:\/\/www.exportapymes.com\/comercio-exterior-america-esp\/el-reto-de-la-exportacion\/"},"modified":"2006-02-13T17:20:58","modified_gmt":"2006-02-13T22:20:58","slug":"el-reto-de-la-exportacion","status":"publish","type":"post","link":"https:\/\/www.exportapymes.com\/comercio-exterior-america-esp\/el-reto-de-la-exportacion\/","title":{"rendered":"El reto de la exportaci\u00f3n"},"content":{"rendered":"<p>\u00abLa <strong>denominaci\u00f3n de origen<\/strong> es un paso m\u00e1s, pero no es un fin en s\u00ed mismo. La sidra debe afrontar nuevos retos\u00bb. Jos\u00e9 Mar\u00eda Osoro, gerente de la Asociaci\u00f3n de Lagareros de Asturias (ALA), ve positiva la obtenci\u00f3n de la marca de garant\u00eda para la bebida regional, pero echa en falta \u00abpol\u00edticas m\u00e1s audaces\u00bb para el sector.<br \/>\n<img decoding=\"async\" src=\"http:\/\/www.exportapymes.com\/comercio-exterior-america-esp\/images\/ban\/spain.jpg\" \/>  Como objetivos a medio plazo propone el <strong>reto de las exportaciones<\/strong> y mayor investigaci\u00f3n. Osoro centra en el <strong>sector de la producci\u00f3n<\/strong> los planes de modernizaci\u00f3n. \u00abQueda mucho por hacer\u00bb, asegura.<!--more-->A su juicio, el futuro de la sidra est\u00e1 en volcarse en el desarrollo de nuevos programas de investigaci\u00f3n del manzano.<br \/>\nReconoce la importancia de la DOP \u00abpor la protecci\u00f3n del producto y su ligaz\u00f3n definitiva con la regi\u00f3n\u00bb, pero insiste en la necesidad de innovar. Apuesta por el desarrollo de pol\u00edticas coordinadas entre la Administraci\u00f3n y los agentes privados del sector.<br \/>\nLa esperada campa\u00f1a de promoci\u00f3n del Ministerio de Agricultura tampoco ha quedado en el olvido para los lagareros. Osoro apunta que la promesa se mantiene: \u00abNos consta que la Consejer\u00eda y el Ministerio retomaron el compromiso\u00bb.<\/p>\n<p>El futuro de la sidra asturiana ser\u00e1 hoy el objeto de debate del Conceyu Abiertu organizado por el Club Prensa Asturiana de La Nueva Espa\u00f1a en Nava. Ser\u00e1 a las ocho de la tarde en el Museo de la Sidra. En representaci\u00f3n del Gobierno regional acudir\u00e1 la directora general de Agroalimentaci\u00f3n, Tomasa Arce; Jos\u00e9 Card\u00edn intervendr\u00e1 como presidente del Consejo Regulador de la Sidra; Consuelo Busto, como presidenta de la Asociaci\u00f3n Sidra Asturiana (ASSA), y Osoro representar\u00e1 al sector lagarero en el debate. Por parte de los cosecheros, el gerente de Aacomasi, Jorge Garc\u00eda, realizar\u00e1 una valoraci\u00f3n sobre la repercusi\u00f3n del sello comunitario.<\/p>\n<p>ALA defiende que la campa\u00f1a no debe quedar en acciones publicitarias al uso, con carteles y pegatinas. Piden algo m\u00e1s: \u00abEl sector agroalimentario de la regi\u00f3n tambi\u00e9n debe entrar en el plan de exportaciones del Gobierno\u00bb, apunta Osoro. El gerente de ALA apoya su reivindicaci\u00f3n en la importancia del sector sobre el producto interior bruto. \u00abCada vez tiene mayor peso\u00bb, subraya.<\/p>\n<p>En representaci\u00f3n de Aacomasi, Jorge Garc\u00eda defini\u00f3 como un hecho \u00abmuy positivo\u00bb la consecuci\u00f3n de la DOP para la sidra elaborada en la regi\u00f3n. \u00abEs la \u00fanica defensa para que la materia prima sea cien por cien asturiana\u00bb, afirma. Para el sector es un reconocimiento que apoyan a pies juntillas. \u00abLa denominaci\u00f3n de origen da un valor a\u00f1adido al producto y abre nuevos mercados\u00bb, reconoce el gerente de Aacomasi. Los productores de manzana de sidra ven una expectativa as\u00ed para mejorar el precio del fruto a medio plazo.<\/p>\n<p>Por el momento, los cosecheros cumplen con su cometido. \u00abSobra manzana de sidra para la denominaci\u00f3n\u00bb, recuerda Garc\u00eda, demostrando as\u00ed la falsedad de los detractores de la DOP que se apoyaban en la falta de materia prima para echar abajo los planes. Aunque ve dif\u00edcil competir con mercados pr\u00f3ximos, como el franc\u00e9s, observan que con la denominaci\u00f3n de origen se asegura el suministro de manzana asturiana y se valora. \u00abHa sido un paso importante\u00bb, se\u00f1ala.<br \/>\nPara Aacomasi, los principios de la sidra de la DOP son a\u00fan \u00abtitubeantes\u00bb. \u00abLlama la atenci\u00f3n la escasa producci\u00f3n\u00bb, aunque coincide con los industriales en que su implantaci\u00f3n ser\u00e1 progresiva.<br \/>\nLa Nueva Espa\u00f1a<\/p>\n","protected":false},"excerpt":{"rendered":"<p>\u00abLa denominaci\u00f3n de origen es un paso m\u00e1s, pero no es un fin en s\u00ed mismo. La sidra debe afrontar nuevos retos\u00bb. Jos\u00e9 Mar\u00eda Osoro, gerente de la Asociaci\u00f3n de Lagareros de Asturias (ALA), ve positiva la obtenci\u00f3n de la<span class=\"ellipsis\">&hellip;<\/span><\/p>\n<div class=\"read-more\"><a href=\"https:\/\/www.exportapymes.com\/comercio-exterior-america-esp\/el-reto-de-la-exportacion\/\">Leer m&aacute;s &#8250;<\/a><\/div>\n<p><!-- end of .read-more --><\/p>\n","protected":false},"author":1,"featured_media":0,"comment_status":"open","ping_status":"open","sticky":false,"template":"","format":"standard","meta":{"footnotes":""},"categories":[22],"tags":[],"class_list":["post-52","post","type-post","status-publish","format-standard","hentry","category-espana"],"_links":{"self":[{"href":"https:\/\/www.exportapymes.com\/comercio-exterior-america-esp\/wp-json\/wp\/v2\/posts\/52","targetHints":{"allow":["GET"]}}],"collection":[{"href":"https:\/\/www.exportapymes.com\/comercio-exterior-america-esp\/wp-json\/wp\/v2\/posts"}],"about":[{"href":"https:\/\/www.exportapymes.com\/comercio-exterior-america-esp\/wp-json\/wp\/v2\/types\/post"}],"author":[{"embeddable":true,"href":"https:\/\/www.exportapymes.com\/comercio-exterior-america-esp\/wp-json\/wp\/v2\/users\/1"}],"replies":[{"embeddable":true,"href":"https:\/\/www.exportapymes.com\/comercio-exterior-america-esp\/wp-json\/wp\/v2\/comments?post=52"}],"version-history":[{"count":0,"href":"https:\/\/www.exportapymes.com\/comercio-exterior-america-esp\/wp-json\/wp\/v2\/posts\/52\/revisions"}],"wp:attachment":[{"href":"https:\/\/www.exportapymes.com\/comercio-exterior-america-esp\/wp-json\/wp\/v2\/media?parent=52"}],"wp:term":[{"taxonomy":"category","embeddable":true,"href":"https:\/\/www.exportapymes.com\/comercio-exterior-america-esp\/wp-json\/wp\/v2\/categories?post=52"},{"taxonomy":"post_tag","embeddable":true,"href":"https:\/\/www.exportapymes.com\/comercio-exterior-america-esp\/wp-json\/wp\/v2\/tags?post=52"}],"curies":[{"name":"wp","href":"https:\/\/api.w.org\/{rel}","templated":true}]}}