{"id":535,"date":"2006-06-13T12:04:13","date_gmt":"2006-06-13T19:04:13","guid":{"rendered":"http:\/\/www.exportapymes.com\/comercio-exterior-america-esp\/el-salvador-crea-red-de-apoyo-a-la-exportacion\/"},"modified":"2006-06-13T12:26:09","modified_gmt":"2006-06-13T19:26:09","slug":"el-salvador-crea-red-de-apoyo-a-la-exportacion","status":"publish","type":"post","link":"https:\/\/www.exportapymes.com\/comercio-exterior-america-esp\/el-salvador-crea-red-de-apoyo-a-la-exportacion\/","title":{"rendered":"El Salvador crea en el exterior una red de apoyo a la exportaci\u00f3n"},"content":{"rendered":"<p>Embajadores, c\u00f3nsules honorarios y consulados en el exterior trabajar\u00e1n como \u201c<strong>antenas comerciales<\/strong>\u201d para <strong>potenciar las exportaciones salvadore\u00f1as<\/strong>, confirm\u00f3 el <strong>vicecanciller<\/strong> del pa\u00eds,<strong> Eduardo C\u00e1lix<\/strong>. Los diplom\u00e1ticos ser\u00e1n parte de la red de embajadas y consulados que dar\u00e1n <strong>apoyo al sector exportador<\/strong>.<br \/>\n<img decoding=\"async\" src=\"http:\/\/www.exportapymes.com\/comercio-exterior-america-esp\/images\/ban\/el_salvador.jpg\" \/>   \u201cNuestro enlace servir\u00e1 para mejorar el <strong>dinamismo e incrementar el valor de las exportaciones<\/strong>, no solo a Estados Unidos, sino tambi\u00e9n a otras pa\u00edses\u201d, acot\u00f3.<br \/>\n<!--more-->Para C\u00e1lix, la participaci\u00f3n de la canciller\u00eda ser\u00e1 de apoyo y<strong> permitir\u00e1 innovar al exportador<\/strong> de acuerdo con las potenciales que haya en los mercados.<\/p>\n<p>Para lograr este proceso, la canciller\u00eda espera ganar presencia dentro del <strong>Consejo Nacional de Importaciones y Exportaciones<\/strong> y mejorar as\u00ed los <strong>contactos empresariales en el exterior<\/strong>.<\/p>\n<p>\u201c<strong>Antenas comerciales<\/strong>\u201d es parte de <strong>estrategia nacional<\/strong> que el sector p\u00fablico y privado est\u00e1n formulando con el fin de<strong> mejorar la oferta exportable en el extranjero<\/strong> y que se lanzar\u00e1 oficialmente en los pr\u00f3ximos d\u00edas.<\/p>\n<p><em>Un claro enlace<br \/>\n<\/em>\u201cEllos ser\u00e1n como un soporte de mediaci\u00f3n entre el vendedor y el comprador afuera\u201d, declar\u00f3 <strong>Karla Klaus<\/strong>, miembro de la <strong>Corporaci\u00f3n de Exportadores (COEXPORT)<\/strong>.<\/p>\n<p>\u201cLos embajadores tienen una gran misi\u00f3n, y es la de identificar que sectores que pueden explorarse y que representan una inversi\u00f3n para el pa\u00eds\u201d, concluy\u00f3 Klaus.<\/p>\n<p>Las <strong>exportaciones salvadore\u00f1as<\/strong> han mostrado una tendencia positiva en los \u00faltimos meses debido al <strong>CAFTA<\/strong>, con una tasa de crecimiento del 12%. La Prensa Gr\u00e1fica<\/p>\n","protected":false},"excerpt":{"rendered":"<p>Embajadores, c\u00f3nsules honorarios y consulados en el exterior trabajar\u00e1n como \u201cantenas comerciales\u201d para potenciar las exportaciones salvadore\u00f1as, confirm\u00f3 el vicecanciller del pa\u00eds, Eduardo C\u00e1lix. Los diplom\u00e1ticos ser\u00e1n parte de la red de embajadas y consulados que dar\u00e1n apoyo al sector<span class=\"ellipsis\">&hellip;<\/span><\/p>\n<div class=\"read-more\"><a href=\"https:\/\/www.exportapymes.com\/comercio-exterior-america-esp\/el-salvador-crea-red-de-apoyo-a-la-exportacion\/\">Leer m&aacute;s &#8250;<\/a><\/div>\n<p><!-- end of .read-more --><\/p>\n","protected":false},"author":1,"featured_media":0,"comment_status":"open","ping_status":"open","sticky":false,"template":"","format":"standard","meta":{"footnotes":""},"categories":[9],"tags":[],"class_list":["post-535","post","type-post","status-publish","format-standard","hentry","category-el-salvador"],"_links":{"self":[{"href":"https:\/\/www.exportapymes.com\/comercio-exterior-america-esp\/wp-json\/wp\/v2\/posts\/535","targetHints":{"allow":["GET"]}}],"collection":[{"href":"https:\/\/www.exportapymes.com\/comercio-exterior-america-esp\/wp-json\/wp\/v2\/posts"}],"about":[{"href":"https:\/\/www.exportapymes.com\/comercio-exterior-america-esp\/wp-json\/wp\/v2\/types\/post"}],"author":[{"embeddable":true,"href":"https:\/\/www.exportapymes.com\/comercio-exterior-america-esp\/wp-json\/wp\/v2\/users\/1"}],"replies":[{"embeddable":true,"href":"https:\/\/www.exportapymes.com\/comercio-exterior-america-esp\/wp-json\/wp\/v2\/comments?post=535"}],"version-history":[{"count":0,"href":"https:\/\/www.exportapymes.com\/comercio-exterior-america-esp\/wp-json\/wp\/v2\/posts\/535\/revisions"}],"wp:attachment":[{"href":"https:\/\/www.exportapymes.com\/comercio-exterior-america-esp\/wp-json\/wp\/v2\/media?parent=535"}],"wp:term":[{"taxonomy":"category","embeddable":true,"href":"https:\/\/www.exportapymes.com\/comercio-exterior-america-esp\/wp-json\/wp\/v2\/categories?post=535"},{"taxonomy":"post_tag","embeddable":true,"href":"https:\/\/www.exportapymes.com\/comercio-exterior-america-esp\/wp-json\/wp\/v2\/tags?post=535"}],"curies":[{"name":"wp","href":"https:\/\/api.w.org\/{rel}","templated":true}]}}