{"id":542,"date":"2006-06-13T16:23:35","date_gmt":"2006-06-13T23:23:35","guid":{"rendered":"http:\/\/www.exportapymes.com\/comercio-exterior-america-esp\/finaliza-plazo-de-solicitud-de-las-becas-que-otorga-el-icex\/"},"modified":"2006-06-13T16:23:35","modified_gmt":"2006-06-13T23:23:35","slug":"finaliza-plazo-de-solicitud-de-las-becas-que-otorga-el-icex","status":"publish","type":"post","link":"https:\/\/www.exportapymes.com\/comercio-exterior-america-esp\/finaliza-plazo-de-solicitud-de-las-becas-que-otorga-el-icex\/","title":{"rendered":"Finaliza plazo de solicitud de las becas que otorga el ICEX"},"content":{"rendered":"<p>El pr\u00f3ximo d\u00eda 22 de junio termina el plazo de solicitud de las becas que concede el I<strong>nstituto Espa\u00f1ol de Comercio Exterior &#8211; ICEX<\/strong>. Cada a\u00f1o este organismo concede m\u00e1s de 600 <strong>becas a universitarios<\/strong> y asume un compromiso formativo con cada becario durante m\u00e1s de dos a\u00f1os. Junto a la formaci\u00f3n, los j\u00f3venes tienen la oportunidad de trabajar en un pa\u00eds extranjero.<br \/>\n<img decoding=\"async\" src=\"http:\/\/www.exportapymes.com\/comercio-exterior-america-esp\/images\/ban\/spain.jpg\" \/>   El programa de becas, que en 2005 cumpli\u00f3 su trig\u00e9simo aniversario, constituye una constante en la actividad del Instituto a lo largo de su historia. Fue creado en 1975 por la Direcci\u00f3n <strong>General de Exportaciones<\/strong> del <strong>Ministerio de Comercio<\/strong> para cumplir los objetivos que en materia de formaci\u00f3n se hab\u00edan fijado en el <strong>Plan de Fomento a la exportaci\u00f3n<\/strong> de 1.974. Desde entonces, el programa no ha dejado de evolucionar para adaptarse a<br \/>\n<!--more-->las necesidades cambiantes de la <strong>empresa en su proceso de internacionalizaci\u00f3n<\/strong>. Cada a\u00f1o el ICEX concede m\u00e1s de 600 becas y asume un compromiso formativo individual con cada becario durante m\u00e1s de dos a\u00f1os de su especializaci\u00f3n profesional. Junto a la formaci\u00f3n rigurosa, te\u00f3rica y pr\u00e1ctica, que los j\u00f3venes reciben a lo largo de ese periodo, destaca la oportunidad que para ellos supone su inmersi\u00f3n durante al menos un a\u00f1o en un pa\u00eds tercero.<\/p>\n<p>En la pasada edici\u00f3n, 617 j\u00f3venes licenciados se beneficiaron del programa de <strong>becas de ICEX<\/strong>, en sus distintas modalidades: <strong>Internacionalizaci\u00f3n, Inform\u00e1tica o Periodismo<\/strong>. Este programa constituye un proceso de formaci\u00f3n completo en estos \u00e1mbitos e incluye una primera fase de <strong>formaci\u00f3n en el Instituto<\/strong> y una segunda fase de <strong>formaci\u00f3n en empresas e instituciones espa\u00f1olas<\/strong>.<\/p>\n<p>Asimismo, desde 2005 el ICEX ha puesto en marcha un nuevo programa de <strong>formaci\u00f3n de profesionales<\/strong> extranjeros denominado inicialmente \u201cBecas Inversas\u201d, que tiene como objetivo la formaci\u00f3n de profesionales extranjeros que puedan incorporarse a los <strong>planes de internacionalizaci\u00f3n de empresas espa\u00f1olas<\/strong>, dot\u00e1ndoles de un conocimiento amplio tanto de la empresa a la que se va a incorporar y de sus procedimientos, como de la realidad econ\u00f3mica y social espa\u00f1ola, as\u00ed como formaci\u00f3n en nuestro idioma. M\u00e1s de 100 solicitudes de becarios se recibieron en la primera convocatoria para las 15 becas que se convocaron el pasado a\u00f1o en Rusia, China e India, pa\u00edses prioritarios en la <strong>estrategia exterior<\/strong>.<\/p>\n<p><strong><em>Becas de Internacionalizaci\u00f3n<br \/>\n<\/em><\/strong>El objetivo de las <strong>becas de Internacionalizaci\u00f3n<\/strong>, es facilitar a un grupo selecto de postgraduados una experiencia pr\u00e1ctica de la <strong>econom\u00eda y el comercio internacional<\/strong>. El programa de formaci\u00f3n de estos <strong>becarios<\/strong> consta de un <strong>Master en Gesti\u00f3n Internacional de la Empresa<\/strong> de 6 meses de duraci\u00f3n e integrado en el proceso de selecci\u00f3n de los candidatos, seguido de 12 meses de formaci\u00f3n practica en las Oficinas Econ\u00f3micas y Comerciales de las Embajadas de Espa\u00f1a.<br \/>\nLas actividades principales que se realizan en estos centros de destino son las siguientes:<\/p>\n<p>&#8211; Realizaci\u00f3n de estudios y notas de mercado bajo la supervisi\u00f3n del Consejero Econ\u00f3mico y Comercial de la Oficina del pa\u00eds de destino.<br \/>\n&#8211; Preparaci\u00f3n de la respuesta a consultas comerciales de empresas espa\u00f1olas y del pa\u00eds de destino.<br \/>\n&#8211; Colaboraci\u00f3n en la realizaci\u00f3n de actividades de promoci\u00f3n.<br \/>\n&#8211; Actividades de documentaci\u00f3n econ\u00f3mica y comercial en el pa\u00eds de destino.<\/p>\n<p>La orientaci\u00f3n de estas actividades var\u00eda seg\u00fan el perfil del becario que puede ser:<\/p>\n<p>&#8211; <strong>Becario de comercio exterior<\/strong>. El \u00e9nfasis del programa de trabajo de los becarios con este perfil est\u00e1 en la confecci\u00f3n de estudios y notas de mercado.<\/p>\n<p>&#8211; <strong>Becario PIPE<\/strong>. Estos becarios colaboran con los consultores del programa PIPE en el asesoramiento de las empresas exportadoras que tratan de introducirse en determinados mercados exteriores.<\/p>\n<p>&#8211; <strong>Becario macroecon\u00f3mico<\/strong>. Sus estudios y notas est\u00e1n orientados al seguimiento de la econom\u00eda del pa\u00eds y al conocimiento de su estructura econ\u00f3mica y entorno regulador.<\/p>\n<p>&#8211; <strong>Becarios de inversiones<\/strong>. Su labor est\u00e1 orientada al estudio de la econom\u00eda del pa\u00eds y de determinados sectores, desde el punto de vista de los potenciales inversores espa\u00f1oles.<\/p>\n<p>&#8211; <strong>Becario multilateral<\/strong>. Se especializa en las relaciones de las empresas y consultor\u00edas con Organismos Multilaterales, realizando su segunda fase en la sede de estas Instituciones de los que Espa\u00f1a sea miembro.<\/p>\n<p>&#8211; <strong>Becarios de especializaci\u00f3n sectorial<\/strong>: H\u00e1bitat, Moda o Tecnolog\u00eda. Estas figuras se especializan en labores promocionales que se realicen en los mercados objetivos de un Plan de Promoci\u00f3n Sectorial. A los becarios de Moda o H\u00e1bitat creados dentro del marco de los Planes de la Moda y del H\u00e1bitat, se suma en 2005 el nuevo perfil de beca tecnol\u00f3gica (15 becas), que busca la formaci\u00f3n espec\u00edfica de profesionales que apoyen a empresas tecnol\u00f3gicamente innovadoras en su salida al exterior.<\/p>\n<p><strong><em>Becas de Inform\u00e1tica en oficinas econ\u00f3micas y comerciales<\/em><\/strong><br \/>\nLas Becas de Inform\u00e1tica tienen como objetivo la formaci\u00f3n de expertos en inform\u00e1tica en materia de internacionalizaci\u00f3n en las Oficinas Econ\u00f3micas y Comerciales de las Embajadas de Espa\u00f1a. La finalidad de estas becas es la de proporcionar al becario una preparaci\u00f3n en la implantaci\u00f3n, el mantenimiento y el desarrollo de los sistemas inform\u00e1ticos de informaci\u00f3n y documentaci\u00f3n del ICEX en estos centros de destino.<\/p>\n<p>Su programa de formaci\u00f3n consta de un curso de contenido tecnol\u00f3gico de 300 horas duraci\u00f3n, seguido de una formaci\u00f3n pr\u00e1ctica en la Oficina Econ\u00f3mica y Comercial asignada. En esta etapa, los becarios se forman colaborando en la gesti\u00f3n y mantenimiento de la Red Inform\u00e1tica de la Secretar\u00eda de Estado de Turismo y Comercio, adquiriendo conocimientos y realizando pr\u00e1cticas en diversos aspectos de la implantaci\u00f3n, administraci\u00f3n y mantenimiento de los sistemas inform\u00e1ticos y de informaci\u00f3n de las Oficinas Econ\u00f3micas y Comerciales. Su formaci\u00f3n t\u00e9cnica se complementa abordando actividades de soporte y formaci\u00f3n inform\u00e1tica b\u00e1sica a usuarios.<\/p>\n<p><strong><em>Becas de Periodismo especializado en comercio internacional<\/em><\/strong><br \/>\nEl programa de esta tercera modalidad de becas se compone de una formaci\u00f3n te\u00f3rica a trav\u00e9s de un curso en \u201c<strong>Periodismo especializado en Econom\u00eda Internacional e Internacionalizaci\u00f3n<\/strong>\u201d de tres meses de duraci\u00f3n e integrado en el proceso de selecci\u00f3n de los candidatos, cuyo objetivo es proporcionar al candidato una formaci\u00f3n te\u00f3rica sobre el proceso de internacionalizaci\u00f3n de la empresa espa\u00f1ola. Tras esta formaci\u00f3n te\u00f3rica, los becarios inician una fase de pr\u00e1cticas de 12 meses en el destino asignado en donde desarrolla las siguientes actividades:<\/p>\n<p>&#8211; Colaboraci\u00f3n en la elaboraci\u00f3n de art\u00edculos, edici\u00f3n de noticias y preparaci\u00f3n de boletines sectoriales de acuerdo con las distintas especificaciones y requisitos de los canales de comunicaci\u00f3n disponibles tanto en los Servicios Centrales, como en los servicios de difusi\u00f3n de noticias utilizados en las Oficinas Econ\u00f3micas y Comerciales.<\/p>\n<p>&#8211; Adem\u00e1s los becarios que vayan destinados a las Oficinas Econ\u00f3micas y Comerciales colaborar\u00e1n en la elaboraci\u00f3n o actualizaci\u00f3n de la informaci\u00f3n sobre los agentes y medios de comunicaci\u00f3n locales y en la edici\u00f3n y difusi\u00f3n de noticias de inter\u00e9s para el <strong>empresario espa\u00f1ol en el Portal del ICEX<\/strong>. Asimismo, participar\u00e1n en la elaboraci\u00f3n de la comunicaci\u00f3n de las actividades de las Oficinas Econ\u00f3micas y Comerciales tanto para medios locales como espa\u00f1oles.<\/p>\n<p><strong><em>Proceso de selecci\u00f3n<\/em><\/strong><br \/>\nEl proceso de selecci\u00f3n de becarios se lleva a cabo de manera regular. Las pruebas del proceso var\u00edan en funci\u00f3n del programa concreto de becas. Este proceso incluye pruebas de car\u00e1cter objetivo (ex\u00e1menes de idiomas, pruebas psicot\u00e9cnicas y pruebas de conocimientos espec\u00edficos) y una entrevista personal. Una parte importante del proceso de selecci\u00f3n los constituyen los cursos de formaci\u00f3n selectivo, que en el caso de las becas de internacionalizaci\u00f3n es un <strong>Master en Gesti\u00f3n Internacional de la Empresa<\/strong>, de seis meses de duraci\u00f3n o en el caso de las becas de Periodismo, en un <strong>Curso de formaci\u00f3n de Periodismo Especializado en Econom\u00eda Internacional e Internacionalizaci\u00f3n<\/strong> de 3 meses de duraci\u00f3n. Portal Universia<\/p>\n<p>M\u00e1s informaci\u00f3n: <a href=\"http:\/\/www.icex.es\/icex\/cda\/controller\/page\/0,2956,35582_3088097_3088372_0_c36de3a0-c313-1028-8e72-000000000000,00.html?id=c36de3a0-c313-1028-8e72-000000000000\" target=\"_blank\">ICEX<\/a><\/p>\n","protected":false},"excerpt":{"rendered":"<p>El pr\u00f3ximo d\u00eda 22 de junio termina el plazo de solicitud de las becas que concede el Instituto Espa\u00f1ol de Comercio Exterior &#8211; ICEX. Cada a\u00f1o este organismo concede m\u00e1s de 600 becas a universitarios y asume un compromiso formativo<span class=\"ellipsis\">&hellip;<\/span><\/p>\n<div class=\"read-more\"><a href=\"https:\/\/www.exportapymes.com\/comercio-exterior-america-esp\/finaliza-plazo-de-solicitud-de-las-becas-que-otorga-el-icex\/\">Leer m&aacute;s &#8250;<\/a><\/div>\n<p><!-- end of .read-more --><\/p>\n","protected":false},"author":1,"featured_media":0,"comment_status":"open","ping_status":"open","sticky":false,"template":"","format":"standard","meta":{"footnotes":""},"categories":[22],"tags":[],"class_list":["post-542","post","type-post","status-publish","format-standard","hentry","category-espana"],"_links":{"self":[{"href":"https:\/\/www.exportapymes.com\/comercio-exterior-america-esp\/wp-json\/wp\/v2\/posts\/542","targetHints":{"allow":["GET"]}}],"collection":[{"href":"https:\/\/www.exportapymes.com\/comercio-exterior-america-esp\/wp-json\/wp\/v2\/posts"}],"about":[{"href":"https:\/\/www.exportapymes.com\/comercio-exterior-america-esp\/wp-json\/wp\/v2\/types\/post"}],"author":[{"embeddable":true,"href":"https:\/\/www.exportapymes.com\/comercio-exterior-america-esp\/wp-json\/wp\/v2\/users\/1"}],"replies":[{"embeddable":true,"href":"https:\/\/www.exportapymes.com\/comercio-exterior-america-esp\/wp-json\/wp\/v2\/comments?post=542"}],"version-history":[{"count":0,"href":"https:\/\/www.exportapymes.com\/comercio-exterior-america-esp\/wp-json\/wp\/v2\/posts\/542\/revisions"}],"wp:attachment":[{"href":"https:\/\/www.exportapymes.com\/comercio-exterior-america-esp\/wp-json\/wp\/v2\/media?parent=542"}],"wp:term":[{"taxonomy":"category","embeddable":true,"href":"https:\/\/www.exportapymes.com\/comercio-exterior-america-esp\/wp-json\/wp\/v2\/categories?post=542"},{"taxonomy":"post_tag","embeddable":true,"href":"https:\/\/www.exportapymes.com\/comercio-exterior-america-esp\/wp-json\/wp\/v2\/tags?post=542"}],"curies":[{"name":"wp","href":"https:\/\/api.w.org\/{rel}","templated":true}]}}