{"id":549,"date":"2006-06-17T15:29:34","date_gmt":"2006-06-17T22:29:34","guid":{"rendered":"http:\/\/www.exportapymes.com\/comercio-exterior-america-esp\/el-alza-de-los-precios-dana-la-exportacion-espanola\/"},"modified":"2006-06-17T15:30:27","modified_gmt":"2006-06-17T22:30:27","slug":"el-alza-de-los-precios-dana-la-exportacion-espanola","status":"publish","type":"post","link":"https:\/\/www.exportapymes.com\/comercio-exterior-america-esp\/el-alza-de-los-precios-dana-la-exportacion-espanola\/","title":{"rendered":"El alza de los precios da\u00f1a la exportaci\u00f3n espa\u00f1ola"},"content":{"rendered":"<p>El alza de los precios y el consiguiente deterioro de la competitividad fueron factores que da\u00f1an a las exportaciones espa\u00f1olas, dijo el jueves el Banco de Espa\u00f1a.<br \/>\n<img decoding=\"async\" src=\"http:\/\/www.exportapymes.com\/comercio-exterior-america-esp\/images\/ban\/spain.jpg\" \/>   En su informe anual, el Banco de Espa\u00f1a subraya el gradual deterioro que contin\u00faa acumulando la econom\u00eda espa\u00f1ola como se constat\u00f3 a lo largo del a\u00f1o 2005.<br \/>\n<!--more-->&#8220;La evoluci\u00f3n de la competitividad de la econom\u00eda espa\u00f1ola (&#8230;), en el a\u00f1o 2005 continu\u00f3 la tendencia al deterioro que se hab\u00eda venido observando en los a\u00f1os precedentes, debido al mayor incremento de los precios relativos&#8221;, dijo la instituci\u00f3n.<\/p>\n<p>La inflaci\u00f3n armonizada dom\u00e9stica registr\u00f3 un nuevo repunte en mayo hasta una tasa interanual del 4,1 por ciento frente al 3,9 por ciento de abril. Con este dato, el diferencial de precios frente a la Uni\u00f3n Econ\u00f3mica y Monetaria (UEM) se increment\u00f3 en mayo 100 puntos b\u00e1sicos hasta los 1,6 puntos.<\/p>\n<p>Los datos de la Contabilidad Nacional de 2005 mostr\u00f3 que las exportaciones de bienes se contrajeron un 0,4 por ciento en volumen en 2005.<\/p>\n<p>El informe emitido el mi\u00e9rcoles por el Fondo Monetario Internacional sobre Espa\u00f1a tambi\u00e9n subrayaba su debilidad en materia de competitividad. El Gobierno, que ha mostrado inquietud por este aspecto, ha reiterado que el Plan de Dinamizaci\u00f3n puesto en pr\u00e1ctica hace m\u00e1s de un a\u00f1o est\u00e1 dise\u00f1ado para corregir este problema, aunque su efecto no ser\u00e1 inmediato.<\/p>\n<p><em>Salarios e inflaci\u00f3n<\/em><br \/>\nEn cuanto a los salarios, el Banco de Espa\u00f1a indic\u00f3 que los incrementos pactados en 2005 en la negociaci\u00f3n colectiva se mantuvieron en el 3 por ciento, a pesar del repunte de la inflaci\u00f3n.<\/p>\n<p>La instituci\u00f3n advirti\u00f3 que la desviaci\u00f3n de la inflaci\u00f3n respecto de las previsiones oficiales en 1,7 puntos, se trasladar\u00e1 al crecimiento de los salarios de 2006 mediante la activaci\u00f3n de las cl\u00e1usulas de salvaguarda que afectan al 75 por ciento de los convenios firmados hasta diciembre de 2005.<\/p>\n<p>El Banco estima que la activaci\u00f3n de las cl\u00e1usulas de indizaci\u00f3n de 2005 tendr\u00e1 una incidencia de casi un punto porcentual sobre los salarios percibidos en 2006.<\/p>\n<p><em>Elevada finaciaci\u00f3n familias<\/em><br \/>\nEl informe anual tambi\u00e9n constata que el volumen de financiaci\u00f3n de los hogares registr\u00f3 un ritmo de crecimiento elevado del 21 por ciento en 2005 debido al incremento de los pr\u00e9stamos para adquisici\u00f3n de vivienda, cuya tasa de variaci\u00f3n interanual se situ\u00f3 por encima del 24 por ciento en diciembre.<\/p>\n<p>&#8220;Fruto de esta evoluci\u00f3n, los indicadores de presi\u00f3n financiera sobre el sector continuaron deterior\u00e1ndose&#8221;, dijo.<\/p>\n<p>Pese a ello, la revalorizaci\u00f3n de los inmuebles y de las cotizaciones burs\u00e1tiles contribuy\u00f3 a que el patrimonio neto de las familias siguiera avanzando. Reuters<\/p>\n","protected":false},"excerpt":{"rendered":"<p>El alza de los precios y el consiguiente deterioro de la competitividad fueron factores que da\u00f1an a las exportaciones espa\u00f1olas, dijo el jueves el Banco de Espa\u00f1a. En su informe anual, el Banco de Espa\u00f1a subraya el gradual deterioro que<span class=\"ellipsis\">&hellip;<\/span><\/p>\n<div class=\"read-more\"><a href=\"https:\/\/www.exportapymes.com\/comercio-exterior-america-esp\/el-alza-de-los-precios-dana-la-exportacion-espanola\/\">Leer m&aacute;s &#8250;<\/a><\/div>\n<p><!-- end of .read-more --><\/p>\n","protected":false},"author":1,"featured_media":0,"comment_status":"open","ping_status":"open","sticky":false,"template":"","format":"standard","meta":{"footnotes":""},"categories":[22],"tags":[],"class_list":["post-549","post","type-post","status-publish","format-standard","hentry","category-espana"],"_links":{"self":[{"href":"https:\/\/www.exportapymes.com\/comercio-exterior-america-esp\/wp-json\/wp\/v2\/posts\/549","targetHints":{"allow":["GET"]}}],"collection":[{"href":"https:\/\/www.exportapymes.com\/comercio-exterior-america-esp\/wp-json\/wp\/v2\/posts"}],"about":[{"href":"https:\/\/www.exportapymes.com\/comercio-exterior-america-esp\/wp-json\/wp\/v2\/types\/post"}],"author":[{"embeddable":true,"href":"https:\/\/www.exportapymes.com\/comercio-exterior-america-esp\/wp-json\/wp\/v2\/users\/1"}],"replies":[{"embeddable":true,"href":"https:\/\/www.exportapymes.com\/comercio-exterior-america-esp\/wp-json\/wp\/v2\/comments?post=549"}],"version-history":[{"count":0,"href":"https:\/\/www.exportapymes.com\/comercio-exterior-america-esp\/wp-json\/wp\/v2\/posts\/549\/revisions"}],"wp:attachment":[{"href":"https:\/\/www.exportapymes.com\/comercio-exterior-america-esp\/wp-json\/wp\/v2\/media?parent=549"}],"wp:term":[{"taxonomy":"category","embeddable":true,"href":"https:\/\/www.exportapymes.com\/comercio-exterior-america-esp\/wp-json\/wp\/v2\/categories?post=549"},{"taxonomy":"post_tag","embeddable":true,"href":"https:\/\/www.exportapymes.com\/comercio-exterior-america-esp\/wp-json\/wp\/v2\/tags?post=549"}],"curies":[{"name":"wp","href":"https:\/\/api.w.org\/{rel}","templated":true}]}}