{"id":551,"date":"2006-06-17T15:50:09","date_gmt":"2006-06-17T22:50:09","guid":{"rendered":"http:\/\/www.exportapymes.com\/comercio-exterior-america-esp\/comienza-en-cadiz-el-programa-formativo-para-emprendedores-2006\/"},"modified":"2006-06-17T15:50:09","modified_gmt":"2006-06-17T22:50:09","slug":"comienza-en-cadiz-el-programa-formativo-para-emprendedores-2006","status":"publish","type":"post","link":"https:\/\/www.exportapymes.com\/comercio-exterior-america-esp\/comienza-en-cadiz-el-programa-formativo-para-emprendedores-2006\/","title":{"rendered":"Comienza en Cadiz el Programa Formativo para Emprendedores 2006"},"content":{"rendered":"<p>El \u00c1rea de Fomento del Ayuntamiento de El Puerto de Santa Mar\u00eda y la C\u00e1mara Oficial de Comercio de C\u00e1diz, en su apuesta conjunta por potenciar la creaci\u00f3n de empresas en nuestra localidad, han puesto en marcha con el curso &#8220;<strong>El Plan de Marketing como Herramienta de Gesti\u00f3n de tu Proyecto Empresarial<\/strong>&#8220;, el <strong>Programa Formativo para Emprendedores 2006<\/strong>.<br \/>\n<img decoding=\"async\" src=\"http:\/\/www.exportapymes.com\/comercio-exterior-america-esp\/images\/ban\/spain.jpg\" \/>   Este Programa, \u00edntegramente subvencionado, incluye las acciones formativas encaminadas a complementar y poner a disposici\u00f3n del emprendedor todos los instrumentos necesarios que requieran para ser empresarios y abordar la aventura empresarial con las mayores garant\u00edas de \u00e9xito.<br \/>\n<!--more-->PROGRAMA<\/p>\n<p>\u2013 El<strong> curso &#8220;El Plan de Marketing como Herramienta de Gesti\u00f3n de tu Proyecto Empresarial<\/strong>&#8221;<br \/>\nSe dar\u00e1 a conocer c\u00f3mo elaborar un Plan de Marketing abordando aspectos tales como: \u00bfQu\u00e9 objetivos comerciales se plantea la nueva empresa?, \u00bfCu\u00e1l es la imagen de empresa que proyectamos al mercado?, \u00bfC\u00f3mo voy a dar a conocer mi producto\/servicio?, \u00bfQu\u00e9 precio de venta tendr\u00e1?, etc. En definitiva, una toma de contacto con el marketing de una manera altamente participativa, con desarrollo de casos pr\u00e1cticos y trabajo en equipo.<br \/>\nDuraci\u00f3n: 16 horas. Fecha inicio: 13, 14, 20 y 21 de junio.<\/p>\n<p>\u2013 <strong>El seminario &#8220;Oportunidades de Negocio y Tendencias en el Sector Comercial<\/strong>&#8221;<br \/>\nPara todos aquellos que quieran crear su propia empresa y a\u00fan no tienen claro qu\u00e9 idea de negocio va a desarrollar, en este seminario se plantear\u00e1n las principales tendencias de desarrollo de la distribuci\u00f3n comercial en los pr\u00f3ximos a\u00f1os, nuevas oportunidades de negocio, posibles huecos de mercado por explotar y nuevas f\u00f3rmulas de comercializaci\u00f3n, prestando especial atenci\u00f3n al sector de las franquicias.<br \/>\nDuraci\u00f3n: 6 horas. Fecha inicio: 22 y 23 de junio.<\/p>\n<p>\u2013 <strong>El taller &#8220;Taller de Maduraci\u00f3n y Desarrollo de Ideas Empresariales<\/strong>&#8221;<br \/>\nEste taller tiene un car\u00e1cter aclaratorio. Se podr\u00e1 efectuar una primera evaluaci\u00f3n de la idea empresarial y de la posible viabilidad de la misma, as\u00ed como reflexionar sobre la idoneidad del perfil personal para la idea empresarial que se tenga en fase de gestaci\u00f3n. Adem\u00e1s, se plantean cu\u00e1les son los siguientes pasos a dar en el camino del an\u00e1lisis de la idea de negocio (plan de empresa).<br \/>\nDuraci\u00f3n: 12 horas. Fecha inicio: 3, 5, 10 y 11 de octubre.<\/p>\n<p>\u2013 <strong>El seminario &#8220;Tu Empresa en Internet&#8221;<\/strong><br \/>\nInternet es la ventana por la que se muestran las empresas al mundo y la presencia de tu empresa en la Red se hace cada vez m\u00e1s imprescindible. Para ello, es necesario plantearse algunas cuestiones como la obtenci\u00f3n del nombre de dominio de la empresa, el dise\u00f1o y posicionamiento de la p\u00e1gina Web en Internet, la posibilidad de utilizarla como tienda virtual, o el uso correcto del correo electr\u00f3nico.<br \/>\nDuraci\u00f3n: 4 horas. Fecha: 18 de octubre.<\/p>\n<p>\u2013 <strong>El taller &#8220;Emprender en Virtual&#8221;<br \/>\n<\/strong>El acceso generalizado a Internet supone una oportunidad a la hora de abordar la aventura de crear una empresa, que en muchos casos puede trabajar exclusivamente a trav\u00e9s de la red. En este taller se podr\u00e1 conocer las posibilidades del emprendizaje virtual y c\u00f3mo construir una empresa en Internet o una tienda virtual. Se plantear\u00e1n casos reales y las peculiaridades de las empresas virtuales.<br \/>\nDuraci\u00f3n: 4 horas. Fecha: 25 de octubre.<\/p>\n<p>\u2013 <strong>El seminario &#8220;Las Marcas y Nombres Comerciales y su Protecci\u00f3n Legal&#8221;<\/strong><br \/>\n\u00bfC\u00f3mo proteger el nombre de una empresa o la marca de sus productos frente a los competidores? En este seminario se dar\u00e1 respuesta a las dudas m\u00e1s frecuentes en relaci\u00f3n con las marcas y los nombres comerciales y su importancia y trascendencia en el tr\u00e1fico mercantil, todo ello acompa\u00f1ado de numerosos ejemplos reales.<br \/>\nDuraci\u00f3n: 4 horas. Fecha: 8 de noviembre.<\/p>\n<p>\u2013<strong> El curso &#8220;Creaci\u00f3n y Consolidaci\u00f3n de Empresas&#8221;<br \/>\n<\/strong>El objetivo final es la realizaci\u00f3n de un Proyecto de Empresa. Este programa se desarrolla conjugando la formaci\u00f3n te\u00f3rica con el asesoramiento individualizado por parte de un consultor especializado. Se abordan todos los \u00e1mbitos relevantes para la creaci\u00f3n y puesta en marcha de una nueva empresa, desde aspectos jur\u00eddicos, fiscales y financieros a marketing, comercio exterior, comunicaci\u00f3n empresarial o gesti\u00f3n de calidad.<br \/>\nDuraci\u00f3n: Tres meses (500 h.) Fecha de inicio: Mediados de noviembre.<\/p>\n<p>Nota informativa: Todas las acciones se desarrollar\u00e1n en horario de tarde.<\/p>\n","protected":false},"excerpt":{"rendered":"<p>El \u00c1rea de Fomento del Ayuntamiento de El Puerto de Santa Mar\u00eda y la C\u00e1mara Oficial de Comercio de C\u00e1diz, en su apuesta conjunta por potenciar la creaci\u00f3n de empresas en nuestra localidad, han puesto en marcha con el curso<span class=\"ellipsis\">&hellip;<\/span><\/p>\n<div class=\"read-more\"><a href=\"https:\/\/www.exportapymes.com\/comercio-exterior-america-esp\/comienza-en-cadiz-el-programa-formativo-para-emprendedores-2006\/\">Leer m&aacute;s &#8250;<\/a><\/div>\n<p><!-- end of .read-more --><\/p>\n","protected":false},"author":1,"featured_media":0,"comment_status":"open","ping_status":"open","sticky":false,"template":"","format":"standard","meta":{"footnotes":""},"categories":[22],"tags":[],"class_list":["post-551","post","type-post","status-publish","format-standard","hentry","category-espana"],"_links":{"self":[{"href":"https:\/\/www.exportapymes.com\/comercio-exterior-america-esp\/wp-json\/wp\/v2\/posts\/551","targetHints":{"allow":["GET"]}}],"collection":[{"href":"https:\/\/www.exportapymes.com\/comercio-exterior-america-esp\/wp-json\/wp\/v2\/posts"}],"about":[{"href":"https:\/\/www.exportapymes.com\/comercio-exterior-america-esp\/wp-json\/wp\/v2\/types\/post"}],"author":[{"embeddable":true,"href":"https:\/\/www.exportapymes.com\/comercio-exterior-america-esp\/wp-json\/wp\/v2\/users\/1"}],"replies":[{"embeddable":true,"href":"https:\/\/www.exportapymes.com\/comercio-exterior-america-esp\/wp-json\/wp\/v2\/comments?post=551"}],"version-history":[{"count":0,"href":"https:\/\/www.exportapymes.com\/comercio-exterior-america-esp\/wp-json\/wp\/v2\/posts\/551\/revisions"}],"wp:attachment":[{"href":"https:\/\/www.exportapymes.com\/comercio-exterior-america-esp\/wp-json\/wp\/v2\/media?parent=551"}],"wp:term":[{"taxonomy":"category","embeddable":true,"href":"https:\/\/www.exportapymes.com\/comercio-exterior-america-esp\/wp-json\/wp\/v2\/categories?post=551"},{"taxonomy":"post_tag","embeddable":true,"href":"https:\/\/www.exportapymes.com\/comercio-exterior-america-esp\/wp-json\/wp\/v2\/tags?post=551"}],"curies":[{"name":"wp","href":"https:\/\/api.w.org\/{rel}","templated":true}]}}