{"id":555,"date":"2006-06-17T16:57:20","date_gmt":"2006-06-17T23:57:20","guid":{"rendered":"http:\/\/www.exportapymes.com\/comercio-exterior-america-esp\/crean-ventanilla-unica-internacional-en-navarra\/"},"modified":"2006-06-17T16:57:20","modified_gmt":"2006-06-17T23:57:20","slug":"crean-ventanilla-unica-internacional-en-navarra","status":"publish","type":"post","link":"https:\/\/www.exportapymes.com\/comercio-exterior-america-esp\/crean-ventanilla-unica-internacional-en-navarra\/","title":{"rendered":"Crean Ventanilla \u00danica Internacional en Navarra"},"content":{"rendered":"<p>La <strong>C\u00e1mara Navarra de Comercio e Industria de Navarra<\/strong> ha puesto en marcha una <strong>Ventanilla Unica Internacional<\/strong>, un servicio pionero en Espa\u00f1a que proporcionar\u00e1 desde una \u00fanica ubicaci\u00f3n una atenci\u00f3n integral y personalizada a ciudadanos y a todo tipo de empresas ubicadas en la Comunidad foral que tengan intereses <strong>comerciales en el exterior<\/strong>.<br \/>\n<img decoding=\"async\" src=\"http:\/\/www.exportapymes.com\/comercio-exterior-america-esp\/images\/ban\/spain.jpg\" \/>   Seg\u00fan explic\u00f3 el presidente de la instituci\u00f3n, Javier Taberna, la Ventanilla nace para <strong>favorecer la internacionalizaci\u00f3n de la empresa navarra<\/strong>, ante la convicci\u00f3n de que las sociedades que no salgan al exterior est\u00e1n abocadas al \u00abfracaso\u00bb. En la Comunidad foral, alrededor de 600 empresas habitualmente exportan, entre <!--more-->800 y 1.000 han salido al exterior en alguna ocasi\u00f3n y 3.000 son las potenciales receptoras de este servicio.<br \/>\nLa presentaci\u00f3n oficial de la iniciativa se producir\u00e1 ma\u00f1ana, a las 20,30, en Zuasti, en un acto al que asistir\u00e1n 800 personas, entre ellas el presidente del Consejo Superior de C\u00e1maras, Javier G\u00f3mez-Navarro, y el presidente del Gobierno foral, Miguel Sanz. La C\u00e1mara vuelve a ser pionera en la creaci\u00f3n de un servicio, como en su d\u00eda fue la Ventanilla Unica Empresarial. Taberna se mostr\u00f3 convencido de que, tal y como sucedi\u00f3 entonces, la nueva idea tendr\u00e1 su r\u00e9plica en el resto de C\u00e1maras auton\u00f3micas.<\/p>\n<p>Esta Ventanilla cuenta con cinco \u00e1reas de trabajo, algunas de acceso gratuito y otras con coste econ\u00f3mico; informaci\u00f3n y formaci\u00f3n, consultor\u00eda a medida, iniciaci\u00f3n a la exportaci\u00f3n, prospecci\u00f3n de mercados y gesti\u00f3n de documentaci\u00f3n.<\/p>\n<p>Amaia \u00c1riz, responsable del equipo de 9 personas que atiende la Ventanilla, inici\u00f3 en este servicio permitir\u00e1 al empresario tener \u00abm\u00e1s seguridad\u00bb sobre aquello que va a iniciar y evitar\u00e1 perder tiempo en la b\u00fasqueda de agentes comerciales. A la Ventanilla podr\u00e1n acceder todo tipo de empresas, desde micropymes a grandes empresas, desde las que ya han consolidado su actividad en el exterior a las que se inician.<\/p>\n<p>El presidente de la C\u00e1mara, destac\u00f3 que hasta ahora han salido al exterior empresas del sector industrial y resalt\u00f3 que se quiere impulsar la internacionalizaci\u00f3n del sector de servicios, que todav\u00eda no es consciente de sus posibilidades.<\/p>\n<p>Taberna asegur\u00f3 que Navarra debe ser una \u00abregi\u00f3n abierta al mundo\u00bb para conservar el \u00e9xito en el futuro y indic\u00f3 que la C\u00e1mara est\u00e1 para servir a la sociedad navarra, mensajes que se lanzar\u00e1n en la gala de presentaci\u00f3n prevista para ma\u00f1ana.<\/p>\n<p><em>Servicios<\/em><br \/>\nLa Ventanilla pone a disposici\u00f3n de las empresas el servicio de informaci\u00f3n especializada y formaci\u00f3n al empresario (estudios de mercado, an\u00e1lisis de riesgos, identificaci\u00f3n de importadores o distribuidores, seminarios sobre internacionalizaci\u00f3n, jornadas informativas sobre el pa\u00eds).<\/p>\n<p>Tambi\u00e9n se incluye una consultor\u00eda a medida, que proporcionar\u00e1 contactos de gestiones de exportaci\u00f3n, promotores que realizar\u00e1n prospecci\u00f3n de mercados, b\u00fasqueda de clientes y distribuidores, traductores etc. Los empresarios navarros podr\u00e1n contar con un servicio de recepci\u00f3n de clientes y directivos extranjeros.<\/p>\n<p>Adem\u00e1s, se incluye un apartado de iniciaci\u00f3n a la exportaci\u00f3n para garantizar la seguridad en los primeros pasos, prospecci\u00f3n de mercados (acciones de promoci\u00f3n y cooperaci\u00f3n) y gesti\u00f3n de documentos de exportaci\u00f3n. Las relaciones ser\u00e1n estrechas con agentes oficiales (Gobierno foral, ICEX y Consejo Superior de C\u00e1maras). Diario de Navarra<\/p>\n","protected":false},"excerpt":{"rendered":"<p>La C\u00e1mara Navarra de Comercio e Industria de Navarra ha puesto en marcha una Ventanilla Unica Internacional, un servicio pionero en Espa\u00f1a que proporcionar\u00e1 desde una \u00fanica ubicaci\u00f3n una atenci\u00f3n integral y personalizada a ciudadanos y a todo tipo de<span class=\"ellipsis\">&hellip;<\/span><\/p>\n<div class=\"read-more\"><a href=\"https:\/\/www.exportapymes.com\/comercio-exterior-america-esp\/crean-ventanilla-unica-internacional-en-navarra\/\">Leer m&aacute;s &#8250;<\/a><\/div>\n<p><!-- end of .read-more --><\/p>\n","protected":false},"author":1,"featured_media":0,"comment_status":"open","ping_status":"open","sticky":false,"template":"","format":"standard","meta":{"footnotes":""},"categories":[1],"tags":[],"class_list":["post-555","post","type-post","status-publish","format-standard","hentry","category-uncategorized"],"_links":{"self":[{"href":"https:\/\/www.exportapymes.com\/comercio-exterior-america-esp\/wp-json\/wp\/v2\/posts\/555","targetHints":{"allow":["GET"]}}],"collection":[{"href":"https:\/\/www.exportapymes.com\/comercio-exterior-america-esp\/wp-json\/wp\/v2\/posts"}],"about":[{"href":"https:\/\/www.exportapymes.com\/comercio-exterior-america-esp\/wp-json\/wp\/v2\/types\/post"}],"author":[{"embeddable":true,"href":"https:\/\/www.exportapymes.com\/comercio-exterior-america-esp\/wp-json\/wp\/v2\/users\/1"}],"replies":[{"embeddable":true,"href":"https:\/\/www.exportapymes.com\/comercio-exterior-america-esp\/wp-json\/wp\/v2\/comments?post=555"}],"version-history":[{"count":0,"href":"https:\/\/www.exportapymes.com\/comercio-exterior-america-esp\/wp-json\/wp\/v2\/posts\/555\/revisions"}],"wp:attachment":[{"href":"https:\/\/www.exportapymes.com\/comercio-exterior-america-esp\/wp-json\/wp\/v2\/media?parent=555"}],"wp:term":[{"taxonomy":"category","embeddable":true,"href":"https:\/\/www.exportapymes.com\/comercio-exterior-america-esp\/wp-json\/wp\/v2\/categories?post=555"},{"taxonomy":"post_tag","embeddable":true,"href":"https:\/\/www.exportapymes.com\/comercio-exterior-america-esp\/wp-json\/wp\/v2\/tags?post=555"}],"curies":[{"name":"wp","href":"https:\/\/api.w.org\/{rel}","templated":true}]}}