{"id":556,"date":"2006-06-17T17:08:43","date_gmt":"2006-06-18T00:08:43","guid":{"rendered":"http:\/\/www.exportapymes.com\/comercio-exterior-america-esp\/el-plan-joyero-de-exportacion-de-cordoba-ayudara-a-duplicar-la-venta\/"},"modified":"2006-06-17T17:08:43","modified_gmt":"2006-06-18T00:08:43","slug":"el-plan-joyero-de-exportacion-de-cordoba-ayudara-a-duplicar-la-venta","status":"publish","type":"post","link":"https:\/\/www.exportapymes.com\/comercio-exterior-america-esp\/el-plan-joyero-de-exportacion-de-cordoba-ayudara-a-duplicar-la-venta\/","title":{"rendered":"El plan joyero de exportaci\u00f3n de C\u00f3rdoba ayudar\u00e1 a duplicar la venta"},"content":{"rendered":"<p>Han pasado 15 meses desde que el consejero de Turismo, Comercio y Deporte, Paulino Plata, se comprometi\u00f3 ante el sector joyero a la realizaci\u00f3n de un <strong>plan de internacionalizaci\u00f3n<\/strong> para potenciar todo lo relacionado con el <strong>comercio exterior de la industria orfebre cordobesa<\/strong>.<br \/>\n<img decoding=\"async\" src=\"http:\/\/www.exportapymes.com\/comercio-exterior-america-esp\/images\/ban\/spain.jpg\" \/>   Los responsables de este departamento de la Junta y de la Agencia <strong>de Promoci\u00f3n Exterior (Extenda)<\/strong> se reunieron ayer con las dos asociaciones profesionales para dar a conocer las bases de este programa de actuaci\u00f3n.<br \/>\n<!--more-->El delegado provincial de Turismo, Comercio y Deporte, Valent\u00edn Priego, se\u00f1al\u00f3 que el objetivo m\u00ednimo del plan es que una vez transcurrido su plazo de aplicaci\u00f3n, que se sit\u00faa entre los tres y los cinco a\u00f1os, las cifras de ventas al extranjero de este sector se dupliquen con respecto a las actuales, que llegan a los 44,7 millones de euros.<\/p>\n<p>El propio sector es m\u00e1s optimista incluso en este caso, ya que el secretario general de la Asociaci\u00f3n Provincial de Joyeros, Plateros y Relojeros, Rafael Rodr\u00edguez Aparicio, apunt\u00f3 que su intenci\u00f3n es poder multiplicar por tres sus exportaciones tras la implementaci\u00f3n del plan.<\/p>\n<p>A partir de este momento, ser\u00e1n las empresas interesadas en formar parte de este proyecto las que deber\u00e1n dirigirse a la Administraci\u00f3n auton\u00f3mica. El responsable del \u00e1rea de<strong> Promoci\u00f3n de Extenda<\/strong>, Cristian Gross, explic\u00f3 que ser\u00e1 necesario que al menos unas 25 firmas se sumen a la iniciativa, algo similar a lo ocurrido con el <strong>plan de internacionalizaci\u00f3n del mueble<\/strong>, aunque desde el sector se tiene constancia de poder llegar hasta las 80.<\/p>\n<p>En cuanto a los plazos, Priego se\u00f1al\u00f3 que espera que las distintas medidas consensuadas entre la Junta y los orfebres pueda comenzar a aplicarse en menos de un a\u00f1o y medio, mientras que Gross fue m\u00e1s optimista al respecto al apuntar a los \u00faltimos meses del presente ejercicio como la fecha m\u00e1s probable para poner de acuerdo a los t\u00e9cnicos de <strong>Extenda<\/strong> y a los empresarios. P. Cruz. El D\u00eda de C\u00f3rdoba<\/p>\n","protected":false},"excerpt":{"rendered":"<p>Han pasado 15 meses desde que el consejero de Turismo, Comercio y Deporte, Paulino Plata, se comprometi\u00f3 ante el sector joyero a la realizaci\u00f3n de un plan de internacionalizaci\u00f3n para potenciar todo lo relacionado con el comercio exterior de la<span class=\"ellipsis\">&hellip;<\/span><\/p>\n<div class=\"read-more\"><a href=\"https:\/\/www.exportapymes.com\/comercio-exterior-america-esp\/el-plan-joyero-de-exportacion-de-cordoba-ayudara-a-duplicar-la-venta\/\">Leer m&aacute;s &#8250;<\/a><\/div>\n<p><!-- end of .read-more --><\/p>\n","protected":false},"author":1,"featured_media":0,"comment_status":"open","ping_status":"open","sticky":false,"template":"","format":"standard","meta":{"footnotes":""},"categories":[22],"tags":[],"class_list":["post-556","post","type-post","status-publish","format-standard","hentry","category-espana"],"_links":{"self":[{"href":"https:\/\/www.exportapymes.com\/comercio-exterior-america-esp\/wp-json\/wp\/v2\/posts\/556","targetHints":{"allow":["GET"]}}],"collection":[{"href":"https:\/\/www.exportapymes.com\/comercio-exterior-america-esp\/wp-json\/wp\/v2\/posts"}],"about":[{"href":"https:\/\/www.exportapymes.com\/comercio-exterior-america-esp\/wp-json\/wp\/v2\/types\/post"}],"author":[{"embeddable":true,"href":"https:\/\/www.exportapymes.com\/comercio-exterior-america-esp\/wp-json\/wp\/v2\/users\/1"}],"replies":[{"embeddable":true,"href":"https:\/\/www.exportapymes.com\/comercio-exterior-america-esp\/wp-json\/wp\/v2\/comments?post=556"}],"version-history":[{"count":0,"href":"https:\/\/www.exportapymes.com\/comercio-exterior-america-esp\/wp-json\/wp\/v2\/posts\/556\/revisions"}],"wp:attachment":[{"href":"https:\/\/www.exportapymes.com\/comercio-exterior-america-esp\/wp-json\/wp\/v2\/media?parent=556"}],"wp:term":[{"taxonomy":"category","embeddable":true,"href":"https:\/\/www.exportapymes.com\/comercio-exterior-america-esp\/wp-json\/wp\/v2\/categories?post=556"},{"taxonomy":"post_tag","embeddable":true,"href":"https:\/\/www.exportapymes.com\/comercio-exterior-america-esp\/wp-json\/wp\/v2\/tags?post=556"}],"curies":[{"name":"wp","href":"https:\/\/api.w.org\/{rel}","templated":true}]}}