{"id":559,"date":"2006-06-17T18:00:13","date_gmt":"2006-06-18T01:00:13","guid":{"rendered":"http:\/\/www.exportapymes.com\/comercio-exterior-america-esp\/banco-pastor-lanza-credito-a-la-exportacion-sin-intereses-ni-comisiones\/"},"modified":"2006-06-17T18:00:13","modified_gmt":"2006-06-18T01:00:13","slug":"banco-pastor-lanza-credito-a-la-exportacion-sin-intereses-ni-comisiones","status":"publish","type":"post","link":"https:\/\/www.exportapymes.com\/comercio-exterior-america-esp\/banco-pastor-lanza-credito-a-la-exportacion-sin-intereses-ni-comisiones\/","title":{"rendered":"Banco Pastor lanza cr\u00e9dito a la exportaci\u00f3n sin intereses ni comisiones"},"content":{"rendered":"<p>Banco Pastor ha firmado con el <strong>Instituto de Cr\u00e9dito Oficial<\/strong> (<strong>ICO<\/strong>) y el <strong>Instituto Espa\u00f1ol de Comercio Exterior<\/strong> (<strong>ICEX<\/strong>) un convenio de colaboraci\u00f3n para que las<strong> peque\u00f1as y medianas empresas<\/strong> puedan beneficiarse de un <strong>cr\u00e9dito a la exportaci\u00f3n sin comisiones y sin intereses<\/strong>.<br \/>\n<img decoding=\"async\" src=\"http:\/\/www.exportapymes.com\/comercio-exterior-america-esp\/images\/ban\/spain.jpg\" \/>   El convenio, de \u00e1mbito estatal, est\u00e1 dirigido a todas aquellas e<strong>mpresas pertenecientes al Club PIPE<\/strong> (<strong>Plan Iniciaci\u00f3n Promoci\u00f3n Exterior<\/strong>) o que participen en el <strong>programa ICEX<\/strong> <strong>&#8216;Aprendiendo a Exportar&#8217;<\/strong>.<br \/>\n<!--more-->El plazo de formalizaci\u00f3n de estas operaciones de pr\u00e9stamo ser\u00e1 de 3 a\u00f1os, sin carencia de principal, y se podr\u00e1n financiar hasta el 100% de los gastos e inversi\u00f3n neta a realizar. El importe m\u00e1ximo ser\u00e1 de 100.000 euros.<\/p>\n<p>El director general de Banco Pastor, Amadeu Font, asegur\u00f3 en un comunicado que con este convenio el banco &#8220;quiere ayudar en la financiaci\u00f3n de las inversiones necesarias para acometer una salida al exterior&#8221;. Europa Press<\/p>\n","protected":false},"excerpt":{"rendered":"<p>Banco Pastor ha firmado con el Instituto de Cr\u00e9dito Oficial (ICO) y el Instituto Espa\u00f1ol de Comercio Exterior (ICEX) un convenio de colaboraci\u00f3n para que las peque\u00f1as y medianas empresas puedan beneficiarse de un cr\u00e9dito a la exportaci\u00f3n sin comisiones<span class=\"ellipsis\">&hellip;<\/span><\/p>\n<div class=\"read-more\"><a href=\"https:\/\/www.exportapymes.com\/comercio-exterior-america-esp\/banco-pastor-lanza-credito-a-la-exportacion-sin-intereses-ni-comisiones\/\">Leer m&aacute;s &#8250;<\/a><\/div>\n<p><!-- end of .read-more --><\/p>\n","protected":false},"author":1,"featured_media":0,"comment_status":"open","ping_status":"open","sticky":false,"template":"","format":"standard","meta":{"footnotes":""},"categories":[22],"tags":[],"class_list":["post-559","post","type-post","status-publish","format-standard","hentry","category-espana"],"_links":{"self":[{"href":"https:\/\/www.exportapymes.com\/comercio-exterior-america-esp\/wp-json\/wp\/v2\/posts\/559","targetHints":{"allow":["GET"]}}],"collection":[{"href":"https:\/\/www.exportapymes.com\/comercio-exterior-america-esp\/wp-json\/wp\/v2\/posts"}],"about":[{"href":"https:\/\/www.exportapymes.com\/comercio-exterior-america-esp\/wp-json\/wp\/v2\/types\/post"}],"author":[{"embeddable":true,"href":"https:\/\/www.exportapymes.com\/comercio-exterior-america-esp\/wp-json\/wp\/v2\/users\/1"}],"replies":[{"embeddable":true,"href":"https:\/\/www.exportapymes.com\/comercio-exterior-america-esp\/wp-json\/wp\/v2\/comments?post=559"}],"version-history":[{"count":0,"href":"https:\/\/www.exportapymes.com\/comercio-exterior-america-esp\/wp-json\/wp\/v2\/posts\/559\/revisions"}],"wp:attachment":[{"href":"https:\/\/www.exportapymes.com\/comercio-exterior-america-esp\/wp-json\/wp\/v2\/media?parent=559"}],"wp:term":[{"taxonomy":"category","embeddable":true,"href":"https:\/\/www.exportapymes.com\/comercio-exterior-america-esp\/wp-json\/wp\/v2\/categories?post=559"},{"taxonomy":"post_tag","embeddable":true,"href":"https:\/\/www.exportapymes.com\/comercio-exterior-america-esp\/wp-json\/wp\/v2\/tags?post=559"}],"curies":[{"name":"wp","href":"https:\/\/api.w.org\/{rel}","templated":true}]}}