{"id":562,"date":"2006-06-17T18:23:15","date_gmt":"2006-06-18T01:23:15","guid":{"rendered":"http:\/\/www.exportapymes.com\/comercio-exterior-america-esp\/aprueban-ingreso-de-venezuela-al-mercosur\/"},"modified":"2006-06-17T18:23:15","modified_gmt":"2006-06-18T01:23:15","slug":"aprueban-ingreso-de-venezuela-al-mercosur","status":"publish","type":"post","link":"https:\/\/www.exportapymes.com\/comercio-exterior-america-esp\/aprueban-ingreso-de-venezuela-al-mercosur\/","title":{"rendered":"Aprueban ingreso de Venezuela al Mercosur"},"content":{"rendered":"<p>Los cancilleres del Mercosur dieron un paso decisivo para la ampliaci\u00f3n del bloque con la pr\u00f3xima incorporaci\u00f3n de Venezuela como miembro pleno.<br \/>\n<img decoding=\"async\" src=\"http:\/\/www.exportapymes.com\/comercio-exterior-america-esp\/images\/ban\/venezuela.jpg\" \/>   Los cancilleres de Argentina, Brasil, Paraguay y Uruguay, m\u00e1s el de Venezuela, firmaron el protocolo para la incorporaci\u00f3n del pa\u00eds gobernado por Hugo Ch\u00e1vez. La firma ser\u00e1 ratificada por los cinco presidentes en Caracas, el 4 de julio pr\u00f3ximo, de modo de poder presentar el avance en la cumbre del Mercosur que se realizar\u00e1 el 20 y 21 del mes pr\u00f3ximo en C\u00f3rdoba.<br \/>\n<!--more-->La incorporaci\u00f3n de Venezuela como quinto miembro pleno de la uni\u00f3n aduanera imperfecta se producir\u00e1, de hecho, cuando los parlamentos nacionales ratifiquen la decisi\u00f3n de los Ejecutivos. Entre los compromisos que asumi\u00f3 Venezuela para alcanzar ese status est\u00e1 la adopci\u00f3n del arancel externo com\u00fan que tiene el Mercosur ante otros bloques y pa\u00edses.<\/p>\n<p>El canciller de Venezuela, Al\u00ed Rodr\u00edguez, subray\u00f3 que con la incorporaci\u00f3n de su pa\u00eds el Mercosur reunir\u00e1 el 75 por ciento del producto bruto interno de Sudam\u00e9rica. Adem\u00e1s, destac\u00f3 la complementariedad entre las econom\u00edas de los pa\u00edses miembro.<\/p>\n<p>&#8220;Es la primera vez que un pa\u00eds pide incorporarse en forma plena al Mercosur, lo que desmiente en los hechos que el bloque sea s\u00f3lo conosure\u00f1o&#8221;, valor\u00f3 a su vez el brasile\u00f1o Celso Amorin.<\/p>\n<p>De paso, el canciller de Brasilia reconoci\u00f3 la necesidad de atender al reclamo de Uruguay y de Paraguay, que en los \u00faltimos meses redoblaron sus reclamos por un trato igualitario dentro del bloque y amenazaron con negociar acuerdos de libre comercio bilaterales con Estados Unidos. En ese sentido, Amorin anticip\u00f3 que antes de fines de este mes visitar\u00e1 Montevideo y Asunci\u00f3n para ver de qu\u00e9 manera &#8220;podemos empezar a atender sus peticiones&#8221; ya que Brasil asumir\u00e1 en C\u00f3rdoba la presidencia temporal del Mercosur para la segunda mitad del a\u00f1o.<\/p>\n","protected":false},"excerpt":{"rendered":"<p>Los cancilleres del Mercosur dieron un paso decisivo para la ampliaci\u00f3n del bloque con la pr\u00f3xima incorporaci\u00f3n de Venezuela como miembro pleno. Los cancilleres de Argentina, Brasil, Paraguay y Uruguay, m\u00e1s el de Venezuela, firmaron el protocolo para la incorporaci\u00f3n<span class=\"ellipsis\">&hellip;<\/span><\/p>\n<div class=\"read-more\"><a href=\"https:\/\/www.exportapymes.com\/comercio-exterior-america-esp\/aprueban-ingreso-de-venezuela-al-mercosur\/\">Leer m&aacute;s &#8250;<\/a><\/div>\n<p><!-- end of .read-more --><\/p>\n","protected":false},"author":1,"featured_media":0,"comment_status":"open","ping_status":"open","sticky":false,"template":"","format":"standard","meta":{"footnotes":""},"categories":[20],"tags":[],"class_list":["post-562","post","type-post","status-publish","format-standard","hentry","category-venezuela"],"_links":{"self":[{"href":"https:\/\/www.exportapymes.com\/comercio-exterior-america-esp\/wp-json\/wp\/v2\/posts\/562","targetHints":{"allow":["GET"]}}],"collection":[{"href":"https:\/\/www.exportapymes.com\/comercio-exterior-america-esp\/wp-json\/wp\/v2\/posts"}],"about":[{"href":"https:\/\/www.exportapymes.com\/comercio-exterior-america-esp\/wp-json\/wp\/v2\/types\/post"}],"author":[{"embeddable":true,"href":"https:\/\/www.exportapymes.com\/comercio-exterior-america-esp\/wp-json\/wp\/v2\/users\/1"}],"replies":[{"embeddable":true,"href":"https:\/\/www.exportapymes.com\/comercio-exterior-america-esp\/wp-json\/wp\/v2\/comments?post=562"}],"version-history":[{"count":0,"href":"https:\/\/www.exportapymes.com\/comercio-exterior-america-esp\/wp-json\/wp\/v2\/posts\/562\/revisions"}],"wp:attachment":[{"href":"https:\/\/www.exportapymes.com\/comercio-exterior-america-esp\/wp-json\/wp\/v2\/media?parent=562"}],"wp:term":[{"taxonomy":"category","embeddable":true,"href":"https:\/\/www.exportapymes.com\/comercio-exterior-america-esp\/wp-json\/wp\/v2\/categories?post=562"},{"taxonomy":"post_tag","embeddable":true,"href":"https:\/\/www.exportapymes.com\/comercio-exterior-america-esp\/wp-json\/wp\/v2\/tags?post=562"}],"curies":[{"name":"wp","href":"https:\/\/api.w.org\/{rel}","templated":true}]}}