{"id":563,"date":"2006-06-17T18:33:28","date_gmt":"2006-06-18T01:33:28","guid":{"rendered":"http:\/\/www.exportapymes.com\/comercio-exterior-america-esp\/trabajan-para-implementar-en-el-peru-la-ventanilla-unica-de-comercio-exterior\/"},"modified":"2006-06-17T18:33:28","modified_gmt":"2006-06-18T01:33:28","slug":"trabajan-para-implementar-en-el-peru-la-ventanilla-unica-de-comercio-exterior","status":"publish","type":"post","link":"https:\/\/www.exportapymes.com\/comercio-exterior-america-esp\/trabajan-para-implementar-en-el-peru-la-ventanilla-unica-de-comercio-exterior\/","title":{"rendered":"Trabajan para implementar en el Per\u00fa la Ventanilla \u00danica de Comercio Exterior"},"content":{"rendered":"<p>Desde las regiones se podr\u00e1n realizar <strong>operaciones de exportaci\u00f3n e importaci\u00f3n v\u00eda electr\u00f3nica<\/strong>.<br \/>\nEl <strong>Ministro de Comercio Exterior y Turismo<\/strong>, Alfredo Ferrero inform\u00f3 que, en el marco de la implementaci\u00f3n del <strong>Plan Estrat\u00e9gico Nacional de Exportaciones<\/strong> (<strong>PENX<\/strong>), su despacho conjuntamente con la SUNAT , han iniciado los trabajos para implementar la <strong>Ventanilla Unica de Comercio Exterior<\/strong>.<br \/>\n<img decoding=\"async\" src=\"http:\/\/www.exportapymes.com\/comercio-exterior-america-esp\/images\/ban\/peru.jpg\" \/>   El titular del MINCETUR precis\u00f3 que la ventanilla \u00fanica <strong>permitir\u00e1 integrar electr\u00f3nicamente<\/strong> a las entidades p\u00fablicas con participaci\u00f3n activa en el <strong>proceso de exportaci\u00f3n e importaci\u00f3n<\/strong>, dise\u00f1o de un formulario \u00fanico para<br \/>\n<!--more-->que los usuarios realicen su proceso, pago \u00fanico de tasas v\u00eda electr\u00f3nica, inspecci\u00f3n conjunta de las autoridades en un solo momento y lugar a las mercanc\u00edas sujetas a revisi\u00f3n f\u00edsica.<\/p>\n<p>\u201cEste proyecto permitir\u00e1 que m\u00e1s peruanos que viven en las regiones trabajen sus operaciones de exportaci\u00f3n e importaci\u00f3n v\u00eda electr\u00f3nica y en su misma localidad evitando instalarse en Lima para hacerlo. Este proyecto es esencialmente <strong>descentralizador del comercio exterior<\/strong>\u201d, enfatiz\u00f3.<\/p>\n<p>El ministro Alfredo Ferrero dijo que se cuenta con el visto bueno del Consejo Nacional de la Competitividad y con un financiamiento de aproximadamente 800,000 euros proporcionados por el Proyecto Uni\u00f3n Europea \u2013 MINCETUR\/PENX, anot\u00f3 que ser\u00e1n la <strong>Direcci\u00f3n Nacional de Desarrollo de Comercio del MINCETUR<\/strong> e Intendencia Nacional de Sistemas de SUNAT, los responsables de llevar a buen puerto esta iniciativa.<\/p>\n<p>\u201cHemos instalado un grupo de trabajo liderado por la Direcci\u00f3n Nacional de Comercio del MINCETUR e integrado por SUNAT, PCM, MEF, CNC, SENASA, DIGESA, ITP, MTC, DIGEMID, INRENA, ADEX, COMEX Per\u00fa, CCL, Asociaci\u00f3n de Agentes de Aduana y la SNI , con la finalidad de formular el proyecto antes que concluya la presente administraci\u00f3n de gobierno y presentar la Ventanilla Unica en el primer semestre del 2007\u201d , indic\u00f3.<\/p>\n<p>Asimismo, inform\u00f3 que actualmente existen alrededor de 20 entidades p\u00fablicas que expiden un certificado, resoluci\u00f3n o exigen un tr\u00e1mite con costos desde gratuitos hasta 1 UIT y que toman como m\u00e1ximo 30 d\u00edas para su obtenci\u00f3n.<\/p>\n","protected":false},"excerpt":{"rendered":"<p>Desde las regiones se podr\u00e1n realizar operaciones de exportaci\u00f3n e importaci\u00f3n v\u00eda electr\u00f3nica. El Ministro de Comercio Exterior y Turismo, Alfredo Ferrero inform\u00f3 que, en el marco de la implementaci\u00f3n del Plan Estrat\u00e9gico Nacional de Exportaciones (PENX), su despacho conjuntamente<span class=\"ellipsis\">&hellip;<\/span><\/p>\n<div class=\"read-more\"><a href=\"https:\/\/www.exportapymes.com\/comercio-exterior-america-esp\/trabajan-para-implementar-en-el-peru-la-ventanilla-unica-de-comercio-exterior\/\">Leer m&aacute;s &#8250;<\/a><\/div>\n<p><!-- end of .read-more --><\/p>\n","protected":false},"author":1,"featured_media":0,"comment_status":"open","ping_status":"open","sticky":false,"template":"","format":"standard","meta":{"footnotes":""},"categories":[17],"tags":[],"class_list":["post-563","post","type-post","status-publish","format-standard","hentry","category-peru"],"_links":{"self":[{"href":"https:\/\/www.exportapymes.com\/comercio-exterior-america-esp\/wp-json\/wp\/v2\/posts\/563","targetHints":{"allow":["GET"]}}],"collection":[{"href":"https:\/\/www.exportapymes.com\/comercio-exterior-america-esp\/wp-json\/wp\/v2\/posts"}],"about":[{"href":"https:\/\/www.exportapymes.com\/comercio-exterior-america-esp\/wp-json\/wp\/v2\/types\/post"}],"author":[{"embeddable":true,"href":"https:\/\/www.exportapymes.com\/comercio-exterior-america-esp\/wp-json\/wp\/v2\/users\/1"}],"replies":[{"embeddable":true,"href":"https:\/\/www.exportapymes.com\/comercio-exterior-america-esp\/wp-json\/wp\/v2\/comments?post=563"}],"version-history":[{"count":0,"href":"https:\/\/www.exportapymes.com\/comercio-exterior-america-esp\/wp-json\/wp\/v2\/posts\/563\/revisions"}],"wp:attachment":[{"href":"https:\/\/www.exportapymes.com\/comercio-exterior-america-esp\/wp-json\/wp\/v2\/media?parent=563"}],"wp:term":[{"taxonomy":"category","embeddable":true,"href":"https:\/\/www.exportapymes.com\/comercio-exterior-america-esp\/wp-json\/wp\/v2\/categories?post=563"},{"taxonomy":"post_tag","embeddable":true,"href":"https:\/\/www.exportapymes.com\/comercio-exterior-america-esp\/wp-json\/wp\/v2\/tags?post=563"}],"curies":[{"name":"wp","href":"https:\/\/api.w.org\/{rel}","templated":true}]}}