{"id":569,"date":"2006-06-17T20:14:17","date_gmt":"2006-06-18T03:14:17","guid":{"rendered":"http:\/\/www.exportapymes.com\/comercio-exterior-america-esp\/exporta-2006-sera-inaugurada-por-ssaarr-los-principes-de-asturias\/"},"modified":"2006-06-17T20:14:17","modified_gmt":"2006-06-18T03:14:17","slug":"exporta-2006-sera-inaugurada-por-ssaarr-los-principes-de-asturias","status":"publish","type":"post","link":"https:\/\/www.exportapymes.com\/comercio-exterior-america-esp\/exporta-2006-sera-inaugurada-por-ssaarr-los-principes-de-asturias\/","title":{"rendered":"EXPORTA 2006 ser\u00e1 inaugurada por SSAARR los Pr\u00edncipes de Asturias"},"content":{"rendered":"<p><strong>Madrid, 20-21 de junio<br \/>\n<\/strong>El <strong>Instituto Espa\u00f1ol de Comercio Exterior (ICEX)<\/strong> pone en marcha la s\u00e9ptima edici\u00f3n del <strong>Congreso para la Internacionalizaci\u00f3n Empresarial<\/strong>, <strong><a title=\"Congreso para la Internacionalizaci\u00f3n Empresarial - EXPORTA 2006\" href=\"http:\/\/www.exportapymes.com\/comercio-exterior-america-esp\/exporta-2006\/\" target=\"_blank\">EXPORTA 2006<\/a><\/strong>, que tendr\u00e1 lugar los pr\u00f3ximos 20 y 21 de junio en Madrid, en el Centro de Convenciones Norte del Parque Ferial Juan Carlos I.<br \/>\n<strong><img decoding=\"async\" src=\"http:\/\/www.exportapymes.com\/comercio-exterior-america-esp\/images\/ban\/spain.jpg\" \/><\/strong>   <strong>SSAARR los Pr\u00edncipes de Asturias inaugurar\u00e1n EXPORTA 2006<\/strong>. Asimismo, en la jornada inaugural intervendr\u00e1n el <strong>secretario de Estado de Turismo y Comercio, Pedro Mej\u00eda, el presidente de Banco de Sabadell, Josep Oliu i Creus, y el vicepresidente ejecutivo del ICEX, \u00c1ngel Mart\u00edn Acebes<\/strong>.<br \/>\n<!--more--><strong>EXPORTA<\/strong> naci\u00f3 hace siete a\u00f1os como una feria de <strong>servicios al exportador<\/strong>. \u00c9sta es la cuarta edici\u00f3n que se celebra en Madrid. A lo largo de estos a\u00f1os, se ha consolidado como el principal foro de debate para los agentes econ\u00f3micos espa\u00f1oles -tanto p\u00fablicos como privados- a la vanguardia de todos los aspectos implicados en la <strong>internacionalizaci\u00f3n empresarial<\/strong>.<\/p>\n<p>En la \u00faltima edici\u00f3n, <strong>EXPORTA<\/strong> reforz\u00f3 su car\u00e1cter de congreso cambiando as\u00ed su anterior formato ferial. El <strong>Congreso para la Internacionalizaci\u00f3n Empresarial<\/strong> es ya una cita ineludible tanto para las <strong>empresas<\/strong> que operan en el exterior como para las que proyectan hacerlo, conformando una plataforma \u00fanica en la que se van a debatir otras dimensiones del <strong>proceso de internacionalizaci\u00f3n<\/strong>.<\/p>\n<p>El tema argumental de fondo sobre el que versar\u00e1 esta edici\u00f3n ser\u00e1 \u201c<strong>La imagen y marca de los productos espa\u00f1oles y los nuevos desarrollos de factores de competitividad internacional<\/strong>\u201d, que se presentar\u00e1 en la jornada inaugural y que se ir\u00e1 desarrollando posteriormente en distintos talleres y presentaciones que analizar\u00e1n sus distintos enfoques desde la perspectiva sectorial e institucional.<\/p>\n<p>Los talleres y seminarios son uno de los ejes esenciales de <strong>EXPORTA 2006<\/strong>. Durante los dos d\u00edas de duraci\u00f3n del congreso, se ofrecer\u00e1n m\u00e1s de cuarenta seminarios y talleres sobre distintos aspectos que se perfilan como elementos determinantes en el medio y largo plazo en el <strong>proceso de internacionalizaci\u00f3n<\/strong>. Estos talleres se agrupan en torno a tres ejes tem\u00e1ticos: <strong>estrategias de imagen y marca, Planes Integrales de Desarrollo de Mercados (PIDM) y nuevos desarrollos de factores de competitividad internacional<\/strong>. Los PIDM corresponden a nueve mercados prioritarios para Espa\u00f1a: Argelia, Brasil, China, Estados Unidos, India, Jap\u00f3n, Marruecos, M\u00e9xico y Rusia. <\/p>\n<p>Otro de los grandes activos de <strong>EXPORTA 2006<\/strong> ser\u00e1n las entrevistas personalizadas con los consejeros econ\u00f3micos y comerciales de Espa\u00f1a en el exterior. En esta ocasi\u00f3n, por primera vez, se pondr\u00e1 a disposici\u00f3n de los asistentes a toda la red de oficinas econ\u00f3micas y comerciales de las embajadas de Espa\u00f1a \u2013en total 92- que se congregar\u00e1n en el <strong>Punto de Encuentro Internacional (PEI)<\/strong>.<\/p>\n<p>El PEI ser\u00e1 un lugar de encuentro privilegiado en el que se ofrecer\u00e1 la posibilidad a los empresarios de mantener entrevistas bilaterales con los mayores expertos en los mercados internacionales. De esta forma, las empresas tendr\u00e1n al alcance de su mano a todos los pa\u00edses del mundo sin tener la necesidad de desplazarse a los mismos.<\/p>\n<p>Adem\u00e1s, el d\u00eda 21 de junio, se presentar\u00e1 en el sal\u00f3n de actos la nueva edici\u00f3n de la prestigiosa publicaci\u00f3n del Instituto: \u201cClaves de la Econom\u00eda Mundial 2006\u201d. Esta nueva edici\u00f3n concede un especial protagonismo a los intereses de la empresa espa\u00f1ola en el marco de sus <strong>estrategias de internacionalizaci\u00f3n<\/strong>, destacando como tema central la competitividad de nuestras empresas. <\/p>\n<p>En esta segunda jornada de <strong>EXPORTA<\/strong>, se llevar\u00e1 a cabo tambi\u00e9n la presentaci\u00f3n de los resultados del \u201c<strong>Informe sobre la Empresa Espa\u00f1ola Internacionalizada<\/strong>: <strong>Otras formas de internacionalizaci\u00f3n m\u00e1s all\u00e1 de la exportaci\u00f3n<\/strong>\u201d, encuesta de gran inter\u00e9s tanto para empresas como instituciones. Este an\u00e1lisis va a permitir extraer conclusiones relevantes para, por un lado, deducir las pautas a seguir para el fortalecimiento de la competitividad, exterior e interior, del tejido <strong>empresarial espa\u00f1ol<\/strong> y, por otro, para afinar a\u00fan m\u00e1s el papel que deben jugar tanto los empresarios como los organismos competentes en el desarrollo \u00f3ptimo de los <strong>procesos de internacionalizaci\u00f3n de la empresa espa\u00f1ola<\/strong>.<br \/>\n<strong>Instituto Espa\u00f1ol de Comercio Exterior (ICEX)<\/strong><\/p>\n","protected":false},"excerpt":{"rendered":"<p>Madrid, 20-21 de junio El Instituto Espa\u00f1ol de Comercio Exterior (ICEX) pone en marcha la s\u00e9ptima edici\u00f3n del Congreso para la Internacionalizaci\u00f3n Empresarial, EXPORTA 2006, que tendr\u00e1 lugar los pr\u00f3ximos 20 y 21 de junio en Madrid, en el Centro<span class=\"ellipsis\">&hellip;<\/span><\/p>\n<div class=\"read-more\"><a href=\"https:\/\/www.exportapymes.com\/comercio-exterior-america-esp\/exporta-2006-sera-inaugurada-por-ssaarr-los-principes-de-asturias\/\">Leer m&aacute;s &#8250;<\/a><\/div>\n<p><!-- end of .read-more --><\/p>\n","protected":false},"author":1,"featured_media":0,"comment_status":"open","ping_status":"open","sticky":false,"template":"","format":"standard","meta":{"footnotes":""},"categories":[22],"tags":[],"class_list":["post-569","post","type-post","status-publish","format-standard","hentry","category-espana"],"_links":{"self":[{"href":"https:\/\/www.exportapymes.com\/comercio-exterior-america-esp\/wp-json\/wp\/v2\/posts\/569","targetHints":{"allow":["GET"]}}],"collection":[{"href":"https:\/\/www.exportapymes.com\/comercio-exterior-america-esp\/wp-json\/wp\/v2\/posts"}],"about":[{"href":"https:\/\/www.exportapymes.com\/comercio-exterior-america-esp\/wp-json\/wp\/v2\/types\/post"}],"author":[{"embeddable":true,"href":"https:\/\/www.exportapymes.com\/comercio-exterior-america-esp\/wp-json\/wp\/v2\/users\/1"}],"replies":[{"embeddable":true,"href":"https:\/\/www.exportapymes.com\/comercio-exterior-america-esp\/wp-json\/wp\/v2\/comments?post=569"}],"version-history":[{"count":0,"href":"https:\/\/www.exportapymes.com\/comercio-exterior-america-esp\/wp-json\/wp\/v2\/posts\/569\/revisions"}],"wp:attachment":[{"href":"https:\/\/www.exportapymes.com\/comercio-exterior-america-esp\/wp-json\/wp\/v2\/media?parent=569"}],"wp:term":[{"taxonomy":"category","embeddable":true,"href":"https:\/\/www.exportapymes.com\/comercio-exterior-america-esp\/wp-json\/wp\/v2\/categories?post=569"},{"taxonomy":"post_tag","embeddable":true,"href":"https:\/\/www.exportapymes.com\/comercio-exterior-america-esp\/wp-json\/wp\/v2\/tags?post=569"}],"curies":[{"name":"wp","href":"https:\/\/api.w.org\/{rel}","templated":true}]}}