{"id":57,"date":"2006-02-14T17:38:58","date_gmt":"2006-02-14T22:38:58","guid":{"rendered":"http:\/\/www.exportapymes.com\/comercio-exterior-america-esp\/ecuador-y-eeuu-postergan-negociacion-del-tlc\/"},"modified":"2006-02-28T11:50:36","modified_gmt":"2006-02-28T18:50:36","slug":"ecuador-y-eeuu-postergan-negociacion-del-tlc","status":"publish","type":"post","link":"https:\/\/www.exportapymes.com\/comercio-exterior-america-esp\/ecuador-y-eeuu-postergan-negociacion-del-tlc\/","title":{"rendered":"Ecuador y EE.UU. postergan negociaci\u00f3n del TLC"},"content":{"rendered":"<p>Ecuador posterg\u00f3 las negociaciones de un tratado de libre comercio con Estados Unidos hasta mediados de marzo y utilizar\u00e1 todos los argumentos para concretar una negociaci\u00f3n beneficiosa para el pa\u00eds, manifest\u00f3 el martes el ministro de <strong>Comercio Exterior<\/strong>, Jorge Illingworth.<br \/>\n<img decoding=\"async\" src=\"http:\/\/www.exportapymes.com\/comercio-exterior-america-esp\/images\/ban\/ecuador.jpg\" \/>   \u201cHemos postergado nuestras negociaciones con Estados Unidos, estamos por definir fechas, puede ser del 6 al 13 de marzo, eso esperamos <!--more-->conocer hacia finales de esta semana cuando ya tengamos una idea de como ha terminado el proceso\u201d con Colombia, asegur\u00f3.<\/p>\n<p>Ecuador ten\u00eda previsto retomar el 22 de febrero las negociaciones, suspendidas en diciembre. La decisi\u00f3n de postergar el tema fue acordada con Estados Unidos, seg\u00fan inform\u00f3 Illingworth.<\/p>\n<p>En rueda de prensa indic\u00f3 que Ecuador \u201cespera y requiere que para la pr\u00f3xima reuni\u00f3n tengamos una ronda completa, donde tratemos todos los temas\u201d, en alusi\u00f3n de los aspectos de propiedad intelectual y agr\u00edcola, a\u00fan pendientes de acuerdos.<\/p>\n<p>Ecuador \u201cest\u00e1 listo para hacer un serio intento de cerrar el proceso de negociaci\u00f3n &#8230; cuando se tengan propuestas serias en la mesa\u201d, expres\u00f3 refiri\u00e9ndose a que \u201cdesde hace varios meses\u201d el pa\u00eds no ha recibido contrapropuestas del equipo estadounidense en el tema agr\u00edcola.<\/p>\n<p>Consultado sobre la posibilidad de incluir asuntos pol\u00edticos ajenos a los temas pendientes y no solo comerciales en la negociaci\u00f3n del TLC, Illingworth expres\u00f3 que \u201cen este momento todo vale, los temas que est\u00e1n ah\u00ed los utilizaremos de alguna y otra forma en el momento que consideremos adecuado\u201d.<\/p>\n<p>\u201cA m\u00ed me gustar\u00eda tener este proceso culminado hasta el 31 de marzo\u201d, agreg\u00f3.<\/p>\n<p>El jefe del equipo negociador, Manuel Chiriboga, que acompa\u00f1aba a Illingworth, explic\u00f3 que una segunda postergaci\u00f3n despu\u00e9s marzo \u201cpodr\u00eda afectar gravemente la habilidad de cerrar la negociaci\u00f3n\u201d.<\/p>\n<p>Fue enf\u00e1tico al se\u00f1alar que Ecuador espera una respuesta de Estados Unidos en el tema agr\u00edcola del que estima falta acordar un 82%.<\/p>\n<p>\u201cSi quieren (Estados Unidos) seriamente cerrar con nosotros necesitamos ese esfuerzo de Estados Unidos\u201d, expres\u00f3.<\/p>\n<p>\u201cEsa es una de las condiciones para sentarnos (a negociar) &#8230; necesitamos una respuesta y yo quiero entender que la falta de respuesta ha sido producida por el hecho de que el equipo negociador americano estuvo concentrado en Per\u00fa, despu\u00e9s en Colombia\u201d, explic\u00f3 Chiriboga.<\/p>\n<p>Per\u00fa cerr\u00f3 su negociaci\u00f3n con Estados Unidos en diciembre y Colombia reinici\u00f3 su negociaci\u00f3n final el martes luego de suspenderlas hace una semana.<\/p>\n<p>Los tres pa\u00edses andinos est\u00e1n negociando un tratado de libre comercio con Estados Unidos desde mayo del 2004. El Diario<\/p>\n","protected":false},"excerpt":{"rendered":"<p>Ecuador posterg\u00f3 las negociaciones de un tratado de libre comercio con Estados Unidos hasta mediados de marzo y utilizar\u00e1 todos los argumentos para concretar una negociaci\u00f3n beneficiosa para el pa\u00eds, manifest\u00f3 el martes el ministro de Comercio Exterior, Jorge Illingworth.<span class=\"ellipsis\">&hellip;<\/span><\/p>\n<div class=\"read-more\"><a href=\"https:\/\/www.exportapymes.com\/comercio-exterior-america-esp\/ecuador-y-eeuu-postergan-negociacion-del-tlc\/\">Leer m&aacute;s &#8250;<\/a><\/div>\n<p><!-- end of .read-more --><\/p>\n","protected":false},"author":1,"featured_media":0,"comment_status":"open","ping_status":"open","sticky":false,"template":"","format":"standard","meta":{"footnotes":""},"categories":[8],"tags":[],"class_list":["post-57","post","type-post","status-publish","format-standard","hentry","category-ecuador"],"_links":{"self":[{"href":"https:\/\/www.exportapymes.com\/comercio-exterior-america-esp\/wp-json\/wp\/v2\/posts\/57","targetHints":{"allow":["GET"]}}],"collection":[{"href":"https:\/\/www.exportapymes.com\/comercio-exterior-america-esp\/wp-json\/wp\/v2\/posts"}],"about":[{"href":"https:\/\/www.exportapymes.com\/comercio-exterior-america-esp\/wp-json\/wp\/v2\/types\/post"}],"author":[{"embeddable":true,"href":"https:\/\/www.exportapymes.com\/comercio-exterior-america-esp\/wp-json\/wp\/v2\/users\/1"}],"replies":[{"embeddable":true,"href":"https:\/\/www.exportapymes.com\/comercio-exterior-america-esp\/wp-json\/wp\/v2\/comments?post=57"}],"version-history":[{"count":0,"href":"https:\/\/www.exportapymes.com\/comercio-exterior-america-esp\/wp-json\/wp\/v2\/posts\/57\/revisions"}],"wp:attachment":[{"href":"https:\/\/www.exportapymes.com\/comercio-exterior-america-esp\/wp-json\/wp\/v2\/media?parent=57"}],"wp:term":[{"taxonomy":"category","embeddable":true,"href":"https:\/\/www.exportapymes.com\/comercio-exterior-america-esp\/wp-json\/wp\/v2\/categories?post=57"},{"taxonomy":"post_tag","embeddable":true,"href":"https:\/\/www.exportapymes.com\/comercio-exterior-america-esp\/wp-json\/wp\/v2\/tags?post=57"}],"curies":[{"name":"wp","href":"https:\/\/api.w.org\/{rel}","templated":true}]}}