{"id":573,"date":"2006-06-23T15:00:45","date_gmt":"2006-06-23T22:00:45","guid":{"rendered":"http:\/\/www.exportapymes.com\/comercio-exterior-america-esp\/programa-de-internacionalizacion-de-la-agricultura-campesina\/"},"modified":"2006-06-23T15:00:45","modified_gmt":"2006-06-23T22:00:45","slug":"programa-de-internacionalizacion-de-la-agricultura-campesina","status":"publish","type":"post","link":"https:\/\/www.exportapymes.com\/comercio-exterior-america-esp\/programa-de-internacionalizacion-de-la-agricultura-campesina\/","title":{"rendered":"Programa de Internacionalizaci\u00f3n de la Agricultura Campesina"},"content":{"rendered":"<p>El <strong>Programa de Internacionalizaci\u00f3n de la Agricultura Campesina en Chile<\/strong>, pretende alcanzar la <strong>inserci\u00f3n de empresas<\/strong> individuales o asociativas que son parte del universo de la Agricultura Campesina, en los <strong>mercados internacionales<\/strong> en condiciones <strong>competitivas, sostenibles y rentables<\/strong>.<br \/>\n<img decoding=\"async\" src=\"http:\/\/www.exportapymes.com\/comercio-exterior-america-esp\/images\/ban\/chile.jpg\" \/>   Para lograr dicho objetivo, el programa ofrece a los interesados un conjunto de <strong>Servicios y Cursos<\/strong> que buscan apoyar las distintas etapas que involucra un <strong>exitoso proceso exportador<\/strong>. Este programa es ejecutado por<strong> ProChile<\/strong> en coordinaci\u00f3n con la Subsecretar\u00eda de Agricultura e Indap y por sus representantes a nivel regional.<br \/>\n<!--more--><em>Objetivo del curso<\/em>: se requiere capacitar productores, empresarios, directores de empresas asociativas (Cooperativas, asociaciones, redes, otros) y dirigentes del mundo campesino en materia de comercio exterior, internacionalizaci\u00f3n y estrategias comerciales.<\/p>\n<p><em>Curso<\/em>: 120 hrs. distribuidas en 10 semanas. Todas las semanas Viernes y S\u00e1bado (12 hrs. cada vez). 22 vacantes por curso.<\/p>\n<p><em>Fecha inicio de clases<\/em>: Junio \u2013 Julio 2006. (Seg\u00fan programaci\u00f3n de Universidades Regionales, quienes impartir\u00e1n los Cursos<\/p>\n<p><em>Financiamiento<\/em>: 100% a trav\u00e9s del FPEA<\/p>\n<p><em>Requisitos Postulantes<\/em>; Empresarios, productores, directores de asociaciones, empresas miembros de redes y otros que cumplan con ser<\/p>\n<p>\u2022 Beneficiarios Directos del Concurso Nacional de Promoci\u00f3n de exportaciones agropecuarias para la Agricultura Familiar Campesinas (este a\u00f1o 2006 o a\u00f1os anteriores)<\/p>\n<p>\u2022 Participantes del Programa Internacionalizaci\u00f3n de la Agricultura Campesina &#8211; PIAC<\/p>\n<p>\u2022 Participantes de las Unidades Agrupadas de Exportaci\u00f3n ( UAE&#8217;s)<\/p>\n<p><em>Postulaciones<\/em>; A trav\u00e9s de la P\u00e1g. WEB de ProChile \u2013 <a href=\"http:\/\/www.prochile.cl\/agricultura_campesina\/index.php\">http:\/\/www.prochile.cl\/agricultura_campesina\/index.php<\/a> &#8211; Bot\u00f3n Postulaci\u00f3n a Capacitaci\u00f3n.<\/p>\n<p><em>Organizadores<\/em>: ProChile, Subsecretar\u00eda de Agricultura e INDAP.<\/p>\n","protected":false},"excerpt":{"rendered":"<p>El Programa de Internacionalizaci\u00f3n de la Agricultura Campesina en Chile, pretende alcanzar la inserci\u00f3n de empresas individuales o asociativas que son parte del universo de la Agricultura Campesina, en los mercados internacionales en condiciones competitivas, sostenibles y rentables. Para lograr<span class=\"ellipsis\">&hellip;<\/span><\/p>\n<div class=\"read-more\"><a href=\"https:\/\/www.exportapymes.com\/comercio-exterior-america-esp\/programa-de-internacionalizacion-de-la-agricultura-campesina\/\">Leer m&aacute;s &#8250;<\/a><\/div>\n<p><!-- end of .read-more --><\/p>\n","protected":false},"author":1,"featured_media":0,"comment_status":"open","ping_status":"open","sticky":false,"template":"","format":"standard","meta":{"footnotes":""},"categories":[4],"tags":[],"class_list":["post-573","post","type-post","status-publish","format-standard","hentry","category-chile"],"_links":{"self":[{"href":"https:\/\/www.exportapymes.com\/comercio-exterior-america-esp\/wp-json\/wp\/v2\/posts\/573","targetHints":{"allow":["GET"]}}],"collection":[{"href":"https:\/\/www.exportapymes.com\/comercio-exterior-america-esp\/wp-json\/wp\/v2\/posts"}],"about":[{"href":"https:\/\/www.exportapymes.com\/comercio-exterior-america-esp\/wp-json\/wp\/v2\/types\/post"}],"author":[{"embeddable":true,"href":"https:\/\/www.exportapymes.com\/comercio-exterior-america-esp\/wp-json\/wp\/v2\/users\/1"}],"replies":[{"embeddable":true,"href":"https:\/\/www.exportapymes.com\/comercio-exterior-america-esp\/wp-json\/wp\/v2\/comments?post=573"}],"version-history":[{"count":0,"href":"https:\/\/www.exportapymes.com\/comercio-exterior-america-esp\/wp-json\/wp\/v2\/posts\/573\/revisions"}],"wp:attachment":[{"href":"https:\/\/www.exportapymes.com\/comercio-exterior-america-esp\/wp-json\/wp\/v2\/media?parent=573"}],"wp:term":[{"taxonomy":"category","embeddable":true,"href":"https:\/\/www.exportapymes.com\/comercio-exterior-america-esp\/wp-json\/wp\/v2\/categories?post=573"},{"taxonomy":"post_tag","embeddable":true,"href":"https:\/\/www.exportapymes.com\/comercio-exterior-america-esp\/wp-json\/wp\/v2\/tags?post=573"}],"curies":[{"name":"wp","href":"https:\/\/api.w.org\/{rel}","templated":true}]}}