{"id":578,"date":"2006-06-23T15:46:04","date_gmt":"2006-06-23T22:46:04","guid":{"rendered":"http:\/\/www.exportapymes.com\/comercio-exterior-america-esp\/extenda-inicia-campana-para-fomentar-la-exportacion\/"},"modified":"2006-06-23T15:46:04","modified_gmt":"2006-06-23T22:46:04","slug":"extenda-inicia-campana-para-fomentar-la-exportacion","status":"publish","type":"post","link":"https:\/\/www.exportapymes.com\/comercio-exterior-america-esp\/extenda-inicia-campana-para-fomentar-la-exportacion\/","title":{"rendered":"Extenda inicia campa\u00f1a para fomentar la exportaci\u00f3n"},"content":{"rendered":"<p>El consejero de Turismo, Paulino Plata, anim\u00f3 en Lucena a las empresas de la comarca a &#8220;<strong>salir a los mercados exteriores, y<\/strong> hacerlo con la ayuda de la <strong>Agencia Andaluza de Promoci\u00f3n Exterior (Extenda)<\/strong>. Plata destac\u00f3 la <strong>internacionalizaci\u00f3n empresarial<\/strong> como &#8220;una de las apuestas m\u00e1s importantes del Gobierno andaluz para los pr\u00f3ximos a\u00f1os&#8221;. As\u00ed, se inici\u00f3 en Lucena una campa\u00f1a por las ciudades medias andaluzas, con el fin de <strong>fomentar la exportaci\u00f3n<\/strong>.<br \/>\n<img decoding=\"async\" src=\"http:\/\/www.exportapymes.com\/comercio-exterior-america-esp\/images\/ban\/spain.jpg\" \/>   De hecho, seg\u00fan datos de <strong>Extenda<\/strong>, unas 8.000 <strong>medianas y peque\u00f1as firmas<\/strong> tienen <strong>capacidad de vender fuera sus productos<\/strong>, si bien s\u00f3lo 2.650 lo hacen.<br \/>\n<!--more-->El consejero apunt\u00f3 que Lucena &#8220;es un lugar id\u00f3neo para hablar de <strong>internacionalizaci\u00f3n<\/strong>, como as\u00ed lo demuestra la existencia de los m\u00e1s de 700 establecimientos industriales de la ciudad&#8221;. Se\u00f1al\u00f3 que Lucena tiene un 12 por ciento de los establecimientos industriales de C\u00f3rdoba y un dos por ciento de toda Andaluc\u00eda.<\/p>\n<p>El consejero destac\u00f3 la pujanza de sus sectores del fr\u00edo industrial, el metal y el agroalimentario y, sobre todo, de la madera y el mueble, con el que la Consejer\u00eda ha firmado un acuerdo de <strong>desarrollo internacional<\/strong> en el que invertir\u00e1 m\u00e1s de 250.000 euros. Plata agreg\u00f3 que buscar\u00e1 incrementar la base exportadora andaluza con esta campa\u00f1a, as\u00ed como mejorar la <strong>eficiencia tecnol\u00f3gica de las empresas<\/strong> y sus posibilidades de invertir en el exterior.<\/p>\n<p>La presentaci\u00f3n de Extenda tuvo lugar en el Ayuntamiento de la ciudad, donde el alcalde, Jos\u00e9 Luis Bergillos (PSOE), destac\u00f3 el car\u00e1cter emprendedor de Lucena y se\u00f1al\u00f3 el &#8220;cambio radical&#8221; que \u00e9sta ha experimentado en los \u00faltimos 30 a\u00f1os, en los que &#8220;ha pasado de ser netamente agraria a industrial&#8221;. Bergillos alent\u00f3 a los empresarios a &#8220;asumir los nuevos retos&#8221; que la globalizaci\u00f3n plantea, contando siempre con la ayuda y el asesoramiento de la Junta. Adela Serrano. D\u00eda de C\u00f3rdoba<br \/>\n<strong>Agencia Andaluza de Promoci\u00f3n Exterior (Extenda)<\/strong><\/p>\n","protected":false},"excerpt":{"rendered":"<p>El consejero de Turismo, Paulino Plata, anim\u00f3 en Lucena a las empresas de la comarca a &#8220;salir a los mercados exteriores, y hacerlo con la ayuda de la Agencia Andaluza de Promoci\u00f3n Exterior (Extenda). Plata destac\u00f3 la internacionalizaci\u00f3n empresarial como<span class=\"ellipsis\">&hellip;<\/span><\/p>\n<div class=\"read-more\"><a href=\"https:\/\/www.exportapymes.com\/comercio-exterior-america-esp\/extenda-inicia-campana-para-fomentar-la-exportacion\/\">Leer m&aacute;s &#8250;<\/a><\/div>\n<p><!-- end of .read-more --><\/p>\n","protected":false},"author":1,"featured_media":0,"comment_status":"open","ping_status":"open","sticky":false,"template":"","format":"standard","meta":{"footnotes":""},"categories":[22],"tags":[],"class_list":["post-578","post","type-post","status-publish","format-standard","hentry","category-espana"],"_links":{"self":[{"href":"https:\/\/www.exportapymes.com\/comercio-exterior-america-esp\/wp-json\/wp\/v2\/posts\/578","targetHints":{"allow":["GET"]}}],"collection":[{"href":"https:\/\/www.exportapymes.com\/comercio-exterior-america-esp\/wp-json\/wp\/v2\/posts"}],"about":[{"href":"https:\/\/www.exportapymes.com\/comercio-exterior-america-esp\/wp-json\/wp\/v2\/types\/post"}],"author":[{"embeddable":true,"href":"https:\/\/www.exportapymes.com\/comercio-exterior-america-esp\/wp-json\/wp\/v2\/users\/1"}],"replies":[{"embeddable":true,"href":"https:\/\/www.exportapymes.com\/comercio-exterior-america-esp\/wp-json\/wp\/v2\/comments?post=578"}],"version-history":[{"count":0,"href":"https:\/\/www.exportapymes.com\/comercio-exterior-america-esp\/wp-json\/wp\/v2\/posts\/578\/revisions"}],"wp:attachment":[{"href":"https:\/\/www.exportapymes.com\/comercio-exterior-america-esp\/wp-json\/wp\/v2\/media?parent=578"}],"wp:term":[{"taxonomy":"category","embeddable":true,"href":"https:\/\/www.exportapymes.com\/comercio-exterior-america-esp\/wp-json\/wp\/v2\/categories?post=578"},{"taxonomy":"post_tag","embeddable":true,"href":"https:\/\/www.exportapymes.com\/comercio-exterior-america-esp\/wp-json\/wp\/v2\/tags?post=578"}],"curies":[{"name":"wp","href":"https:\/\/api.w.org\/{rel}","templated":true}]}}