{"id":580,"date":"2006-06-23T15:57:32","date_gmt":"2006-06-23T22:57:32","guid":{"rendered":"http:\/\/www.exportapymes.com\/comercio-exterior-america-esp\/porque-las-pequenas-empresas-paraguayas-deben-participar-en-el-mercado-internacional\/"},"modified":"2006-06-23T15:57:32","modified_gmt":"2006-06-23T22:57:32","slug":"porque-las-pequenas-empresas-paraguayas-deben-participar-en-el-mercado-internacional","status":"publish","type":"post","link":"https:\/\/www.exportapymes.com\/comercio-exterior-america-esp\/porque-las-pequenas-empresas-paraguayas-deben-participar-en-el-mercado-internacional\/","title":{"rendered":"Porque las peque\u00f1as empresas paraguayas deben participar en el mercado internacional"},"content":{"rendered":"<p>Por Ra\u00fal Silvero Silvagni. Director del Proyecto <strong>&#8216;Fortalecimiento de la Competitividad del Sector Exportador Paraguayo<\/strong>&#8216;, de la Secretar\u00eda T\u00e9cnica de Planificaci\u00f3n.<br \/>\n<img decoding=\"async\" src=\"http:\/\/www.exportapymes.com\/comercio-exterior-america-esp\/images\/ban\/paraguay.jpg\" \/>   Paraguay, como pa\u00eds sin costas sobre el mar, y con una poblaci\u00f3n de aproximadamente seis millones, lo cual implica un mercado peque\u00f1o, no tiene otra opci\u00f3n de crecimiento y desarrollo econ\u00f3mico y social, sostenible y sustentable en el tiempo, que enfrentar la competencia agresiva del <strong>comercio internacional<\/strong>.<br \/>\nSabido es que estructuralmente nuestro pa\u00eds enfrenta una trilog\u00eda negativa en su <strong>comercio de exportaci\u00f3n<\/strong>: pocos productos, pocos mercados y pocos exportadores.<br \/>\n<!--more-->Esto \u00faltimo, conforme estudios realizados, Paraguay necesita imperiosamente <strong>ampliar su base de exportadores<\/strong>, tenemos que formar una clase empresarial que enfrente los desaf\u00edos del mercado mundial.<\/p>\n<p>Tenemos muy buenos empresarios, excelentes gerenciadores de los recursos nacionales, pero a\u00fan es peque\u00f1o el n\u00famero de tales tipos de empresarios.<\/p>\n<p>Adem\u00e1s, conforme Jos\u00e9 Pedro Alberti, experto extranjero contratado por el Proyecto &#8216;<strong>Fortalecimiento de la Competitividad del Sector Exportador Paraguayo&#8217;<\/strong>, con tutela dela Secretar\u00eda T\u00e9cnica de Planificaci\u00f3n, se debe tener presente cuanto sigue: El escenario econ\u00f3mico internacional ser\u00e1 una econom\u00eda sumamente integrada por bloques de pa\u00edses, pero con un alto grado de apertura tambi\u00e9n \u2013en t\u00e9rminos arancelarios- al resto del mundo. Es la tendencia predominante.<\/p>\n<p>Alberti agreg\u00f3 que ser\u00e1 una econom\u00eda por ende fuertemente globalizada donde los m\u00e1rgenes de maniobra de cada pa\u00eds en t\u00e9rminos de pol\u00edtica econ\u00f3mica de corto plazo ser\u00e1n bastante menores y el peso de esta pol\u00edtica se trasladar\u00e1 al mediano y largo plazo en aquellos pa\u00edses que quieran presentar un perfil agresivo en t\u00e9rminos de competitividad a nivel de ese macro mercado.<\/p>\n<p>Dijo que ser\u00e1 una econom\u00eda orientada por demanda, proceso subyacente al de globalizaci\u00f3n. Este proceso se inici\u00f3 en Alemania y Estados Unidos en los a\u00f1os 80, cuando <strong>peque\u00f1as empresas de marketing<\/strong>, que estaban m\u00e1s cerca de los clientes, pasaron a subcontratar a grandes empresas industriales para la producci\u00f3n masiva de art\u00edculos con mayor pertinencia a las preferencias de los consumidores y desde entonces este fen\u00f3meno se mantiene en constante crecimiento. Es un fuerte cambio de paradigma de una econom\u00eda orientada por oferta a una econom\u00eda orientada por demanda. El consumidor tendr\u00e1 cada vez mayor informaci\u00f3n y utilizar\u00e1 su poder de compra para obtener beneficios adicionales, tangibles o intangibles, individuales o colectivos, estos \u00faltimos en t\u00e9rminos de mejora del medio ambiente, reducci\u00f3n de la pobreza y otros. Sin duda, el mercado ecol\u00f3gico basado en tecnolog\u00edas limpias continuar\u00e1 creciendo a nivel internacional y probablemente ser\u00e1 predominante.<\/p>\n<p>El resultado de estas tendencias se traducir\u00e1n en una oferta de bienes y servicios con un mayor grado de incertidumbre respecto de la evoluci\u00f3n de productos.<\/p>\n<p>La econom\u00eda vista por sectores econ\u00f3micos perder\u00e1 importancia, y crecer\u00e1 la de clusters tecnol\u00f3gicos y\/o comerciales, territorios competitivos e iniciativas de desarrollo local para aprovechar posiciones estrat\u00e9gicas en materia de competitividad.<\/p>\n<p>Esto implica una alta flexibilidad de todos los factores de producci\u00f3n, en particular los recursos humanos y su calificaci\u00f3n.<\/p>\n<p>El mercado de trabajo estar\u00e1 caracterizado por la gradual disminuci\u00f3n del empleo como ha sido concebido hasta ahora, a favor de la expansi\u00f3n del trabajo por cuenta propia y la subcontrataci\u00f3n.<\/p>\n<p>La subcontrataci\u00f3n crecer\u00e1 a altas tasas y constituir\u00e1 una modalidad predominante de organizaci\u00f3n de la producci\u00f3n de bienes y prestaci\u00f3n de servicios. Sus t\u00e9rminos contractuales se sofisticar\u00e1n fuertemente.<\/p>\n<p>La flexibilidad laboral y la movilidad de la fuerza de trabajo en t\u00e9rminos tecnol\u00f3gicos ser\u00e1n factores relevantes de la competitividad.<\/p>\n<p>El empresario que desee competir necesitar\u00e1 contar con recursos humanos con buena educaci\u00f3n acad\u00e9mica \u2013con una formaci\u00f3n integral y flexible- y con servicios de r\u00e1pida actualizaci\u00f3n en materia comercial y tecnol\u00f3gica. Ya no demandar\u00e1 perfiles laborales por puesto de trabajo, sino por combinaciones espec\u00edficas de competencias b\u00e1sicas y laborales. NEIKE<\/p>\n","protected":false},"excerpt":{"rendered":"<p>Por Ra\u00fal Silvero Silvagni. Director del Proyecto &#8216;Fortalecimiento de la Competitividad del Sector Exportador Paraguayo&#8216;, de la Secretar\u00eda T\u00e9cnica de Planificaci\u00f3n. Paraguay, como pa\u00eds sin costas sobre el mar, y con una poblaci\u00f3n de aproximadamente seis millones, lo cual implica<span class=\"ellipsis\">&hellip;<\/span><\/p>\n<div class=\"read-more\"><a href=\"https:\/\/www.exportapymes.com\/comercio-exterior-america-esp\/porque-las-pequenas-empresas-paraguayas-deben-participar-en-el-mercado-internacional\/\">Leer m&aacute;s &#8250;<\/a><\/div>\n<p><!-- end of .read-more --><\/p>\n","protected":false},"author":1,"featured_media":0,"comment_status":"open","ping_status":"open","sticky":false,"template":"","format":"standard","meta":{"footnotes":""},"categories":[16],"tags":[],"class_list":["post-580","post","type-post","status-publish","format-standard","hentry","category-paraguay"],"_links":{"self":[{"href":"https:\/\/www.exportapymes.com\/comercio-exterior-america-esp\/wp-json\/wp\/v2\/posts\/580","targetHints":{"allow":["GET"]}}],"collection":[{"href":"https:\/\/www.exportapymes.com\/comercio-exterior-america-esp\/wp-json\/wp\/v2\/posts"}],"about":[{"href":"https:\/\/www.exportapymes.com\/comercio-exterior-america-esp\/wp-json\/wp\/v2\/types\/post"}],"author":[{"embeddable":true,"href":"https:\/\/www.exportapymes.com\/comercio-exterior-america-esp\/wp-json\/wp\/v2\/users\/1"}],"replies":[{"embeddable":true,"href":"https:\/\/www.exportapymes.com\/comercio-exterior-america-esp\/wp-json\/wp\/v2\/comments?post=580"}],"version-history":[{"count":0,"href":"https:\/\/www.exportapymes.com\/comercio-exterior-america-esp\/wp-json\/wp\/v2\/posts\/580\/revisions"}],"wp:attachment":[{"href":"https:\/\/www.exportapymes.com\/comercio-exterior-america-esp\/wp-json\/wp\/v2\/media?parent=580"}],"wp:term":[{"taxonomy":"category","embeddable":true,"href":"https:\/\/www.exportapymes.com\/comercio-exterior-america-esp\/wp-json\/wp\/v2\/categories?post=580"},{"taxonomy":"post_tag","embeddable":true,"href":"https:\/\/www.exportapymes.com\/comercio-exterior-america-esp\/wp-json\/wp\/v2\/tags?post=580"}],"curies":[{"name":"wp","href":"https:\/\/api.w.org\/{rel}","templated":true}]}}