{"id":585,"date":"2006-06-23T16:33:36","date_gmt":"2006-06-23T23:33:36","guid":{"rendered":"http:\/\/www.exportapymes.com\/comercio-exterior-america-esp\/sistemas-de-gestion-de-calidad-necesidades-para-la-empresa-exportadora\/"},"modified":"2006-06-23T16:33:36","modified_gmt":"2006-06-23T23:33:36","slug":"sistemas-de-gestion-de-calidad-necesidades-para-la-empresa-exportadora","status":"publish","type":"post","link":"https:\/\/www.exportapymes.com\/comercio-exterior-america-esp\/sistemas-de-gestion-de-calidad-necesidades-para-la-empresa-exportadora\/","title":{"rendered":"Sistemas de gesti\u00f3n de calidad: necesidades para la empresa exportadora"},"content":{"rendered":"<p><strong>LEON, LEON 27\/06\/06<\/strong><br \/>\nEste seminario pretende que los empresarios tomen conciencia de la importancia de la <strong>implantaci\u00f3n y certificaci\u00f3n de los sistemas de gesti\u00f3n de la calidad y protecci\u00f3n medioambiental<\/strong> -ya sea de acuerdo con las normas ISO 9000 \/ ISO 14000 o del sistema comunitario EMAS- como un factor esencial que acredita su capacidad para satisfacer las necesidades de sus clientes con elevadas cuotas de <strong>eficiencia, calidad y competitividad<\/strong>.<br \/>\n<img decoding=\"async\" src=\"http:\/\/www.exportapymes.com\/comercio-exterior-america-esp\/images\/ban\/spain.jpg\" \/>   Esta certificaci\u00f3n es ya una <strong>exigencia de importadores, distribuidores, clientes, usuarios o consumidores de muchos mercados de destino<\/strong>, por lo que podemos decir que se trata tambi\u00e9n de un poderoso <strong>instrumento de marketing y competencia<\/strong>.<br \/>\n<!--more-->Adem\u00e1s, ya no es cuesti\u00f3n exclusiva de las grandes industrias o de las empresas multinacionales: las <strong>pymes<\/strong>, especialmente las <strong>relacionadas con los mercados exteriores<\/strong>, est\u00e1n mostrando un inter\u00e9s creciente por someterse a los procesos de certificaci\u00f3n.<\/p>\n<p>Si bien es un proceso voluntario, est\u00e1 adquiriendo la condici\u00f3n de imprescindible, no \u00fanicamente por imposici\u00f3n de los clientes, sino porque la Uni\u00f3n uropea lo est\u00e1 incorporando cada vez m\u00e1s como requisito para la evaluaci\u00f3n de la conformidad con las nuevas directivas t\u00e9cnicas.<\/p>\n<p><em>Sistemas de gesti\u00f3n de la calidad: necesidades para la empresa exportadora<br \/>\nPrograma<\/em> <\/p>\n<p>9,15 RECEPCI\u00d3N DE ASISTENTES<\/p>\n<p>9,30 APERTURA<br \/>\nIsabel Clavero Ma\u00f1ueco<br \/>\nDra. Territorial de Comercio y Delegada ICEX en Castilla y Le\u00f3n<\/p>\n<p>9,45 COMERCIO INTERNACIONAL Y SISTEMAS DE GESTI\u00d3N DE LA CALIDAD<br \/>\nGuillermo Ariza. Asesor de Normalizaci\u00f3n, Certificaci\u00f3n y Reglamentaci\u00f3n T\u00e9cnica, INSTITUTO ESPA\u00d1OL DE COMERCIO EXTERIOR (ICEX)<\/p>\n<p>10,30 LA LABOR DE LAS CONSULTORAS<br \/>\nJavier Anta. Consultor y Presidente de ASIF, ANTA CONSULTOR\u00cdA DE GESTI\u00d3N S.L.<\/p>\n<p>11,15 Pausa-caf\u00e9<\/p>\n<p>11,30 CERTIFICACI\u00d3N: LA CALIDAD DEMOSTRADA<br \/>\nJavier Mu\u00f1oz Ledesma, Director Delegaci\u00f3n Castilla y Le\u00f3n de AENOR<\/p>\n<p>12,15 EL SISTEMA COMUNITARIO DE GESTI\u00d3N Y AUDITOR\u00cdA MEDIOAMBIENTAL (EMAS)<br \/>\nSantos Cuadros Garc\u00eda<br \/>\nDirector del Departamento de Medio Ambiente. Consejo Superior de C\u00e1maras<\/p>\n<p>13,00 LA IMPLANTACI\u00d3N DE UN SISTEMA DE GESTI\u00d3N DE LA CALIDAD EN LA EMPRESA<br \/>\nJos\u00e9 Omar Carro del Reguero, Iniciativas Medioambientales SL (IMAVE)<\/p>\n<p>13,30 MESA REDONDA-COLOQUIO<\/p>\n<p>14,00 CLAUSURA<br \/>\nD. Manuel Lamelas Viloria<br \/>\nPresidente de la C\u00e1mara de Comercio de Le\u00f3n<\/p>\n<p><em>&#8211; Lugar de celebraci\u00f3n<\/em><br \/>\nC\u00e1mara de Comercio e Industria de Le\u00f3n<br \/>\nFajeros, 1   Sal\u00f3n de Actos<br \/>\nLEON  24002  LEON<br \/>\nAsistencia gratuita     <\/p>\n<p><em>&#8211; Informaci\u00f3n e Inscripciones:<\/em><br \/>\nDirecci\u00f3n Territorial de Comercio-Icex en Castilla-Le\u00f3n<br \/>\nAntonio Lorenzo Hurtado, 6 &#8211; 3\u00ba (Edificio Administrativo Uso M\u00faltiple<br \/>\nVALLADOLID  47014  VALLADOLID<br \/>\nTlf: 983 360 340<br \/>\nFax: 983 343 767<br \/>\nCorreo electr\u00f3nico: <a href=\"mailto:valladolid@mcx.es\">valladolid@mcx.es<\/a><br \/>\n<strong>Instituto Espa\u00f1ol de Comercio Exterior (ICEX)<\/strong><\/p>\n","protected":false},"excerpt":{"rendered":"<p>LEON, LEON 27\/06\/06 Este seminario pretende que los empresarios tomen conciencia de la importancia de la implantaci\u00f3n y certificaci\u00f3n de los sistemas de gesti\u00f3n de la calidad y protecci\u00f3n medioambiental -ya sea de acuerdo con las normas ISO 9000 \/<span class=\"ellipsis\">&hellip;<\/span><\/p>\n<div class=\"read-more\"><a href=\"https:\/\/www.exportapymes.com\/comercio-exterior-america-esp\/sistemas-de-gestion-de-calidad-necesidades-para-la-empresa-exportadora\/\">Leer m&aacute;s &#8250;<\/a><\/div>\n<p><!-- end of .read-more --><\/p>\n","protected":false},"author":1,"featured_media":0,"comment_status":"open","ping_status":"open","sticky":false,"template":"","format":"standard","meta":{"footnotes":""},"categories":[22],"tags":[],"class_list":["post-585","post","type-post","status-publish","format-standard","hentry","category-espana"],"_links":{"self":[{"href":"https:\/\/www.exportapymes.com\/comercio-exterior-america-esp\/wp-json\/wp\/v2\/posts\/585","targetHints":{"allow":["GET"]}}],"collection":[{"href":"https:\/\/www.exportapymes.com\/comercio-exterior-america-esp\/wp-json\/wp\/v2\/posts"}],"about":[{"href":"https:\/\/www.exportapymes.com\/comercio-exterior-america-esp\/wp-json\/wp\/v2\/types\/post"}],"author":[{"embeddable":true,"href":"https:\/\/www.exportapymes.com\/comercio-exterior-america-esp\/wp-json\/wp\/v2\/users\/1"}],"replies":[{"embeddable":true,"href":"https:\/\/www.exportapymes.com\/comercio-exterior-america-esp\/wp-json\/wp\/v2\/comments?post=585"}],"version-history":[{"count":0,"href":"https:\/\/www.exportapymes.com\/comercio-exterior-america-esp\/wp-json\/wp\/v2\/posts\/585\/revisions"}],"wp:attachment":[{"href":"https:\/\/www.exportapymes.com\/comercio-exterior-america-esp\/wp-json\/wp\/v2\/media?parent=585"}],"wp:term":[{"taxonomy":"category","embeddable":true,"href":"https:\/\/www.exportapymes.com\/comercio-exterior-america-esp\/wp-json\/wp\/v2\/categories?post=585"},{"taxonomy":"post_tag","embeddable":true,"href":"https:\/\/www.exportapymes.com\/comercio-exterior-america-esp\/wp-json\/wp\/v2\/tags?post=585"}],"curies":[{"name":"wp","href":"https:\/\/api.w.org\/{rel}","templated":true}]}}