{"id":587,"date":"2006-06-20T16:49:40","date_gmt":"2006-06-20T23:49:40","guid":{"rendered":"http:\/\/www.exportapymes.com\/comercio-exterior-america-esp\/evolucion-del-comercio-exterior-espanol-refleja-falta-de-exportaciones\/"},"modified":"2006-06-20T16:49:40","modified_gmt":"2006-06-20T23:49:40","slug":"evolucion-del-comercio-exterior-espanol-refleja-falta-de-exportaciones","status":"publish","type":"post","link":"https:\/\/www.exportapymes.com\/comercio-exterior-america-esp\/evolucion-del-comercio-exterior-espanol-refleja-falta-de-exportaciones\/","title":{"rendered":"Evoluci\u00f3n del comercio exterior espa\u00f1ol refleja falta de exportaciones"},"content":{"rendered":"<p>La evoluci\u00f3n del <strong>comercio exterior espa\u00f1ol<\/strong> refleja el dinamismo de la econom\u00eda, pero tambi\u00e9n la <strong>insuficiencia exportadora<\/strong>, seg\u00fan el <strong>secretario de Estado de Turismo y Comercio, Pedro Mej\u00eda<\/strong>, que particip\u00f3 hoy en la inauguraci\u00f3n del <strong>Congreso para la Internacionalizaci\u00f3n Empresarial -Exporta 2006<\/strong>.<br \/>\n<img decoding=\"async\" src=\"http:\/\/www.exportapymes.com\/comercio-exterior-america-esp\/images\/ban\/spain.jpg\" \/>   As\u00ed, reconoci\u00f3 que el principal <strong>reto de la<\/strong> <strong>econom\u00eda espa\u00f1ola<\/strong> <strong>es profundizar en el proceso de internacionalizaci\u00f3n<\/strong>, aspecto en el que el Gobierno est\u00e1 &#8220;firmemente comprometido&#8221;. De esta forma, continu\u00f3, este evento, organizado por el <strong>Instituto Espa\u00f1ol de Comercio Exterior (ICEX)<\/strong>, supone una intento m\u00e1s, entre las diversas medidas llevadas a cabo por el Ejecutivo, para &#8220;renovar&#8221; el <strong>impulso a la exportaci\u00f3n espa\u00f1ola<\/strong>.<br \/>\n<!--more-->Los <strong>Pr\u00edncipes de Asturias<\/strong>, acompa\u00f1ados por <strong>Mej\u00eda, el vicepresidente ejecutivo del ICEX, Angel Mart\u00edn Acebes<\/strong>, y el presidente de <strong>Banco Sabadell, Josep Oliu i Creus<\/strong>, inauguraron la s\u00e9ptima edici\u00f3n de este Congreso y mostraron su <strong>apoyo al proceso de internacionalizaci\u00f3n empresarial espa\u00f1ola<\/strong>.<\/p>\n<p>Mej\u00eda record\u00f3 que la econom\u00eda espa\u00f1ola es la octava mundial y est\u00e1 equiparada al nivel de renta de los pa\u00edses de la UE, y subray\u00f3 que en veinte a\u00f1os, el pa\u00eds ha pasado de tener una econom\u00eda &#8220;cerrada y dependiente&#8221; a una &#8220;abierta y orientada hacia los <strong>mercados internacionales<\/strong>&#8220;.<\/p>\n<p>No obstante, incidi\u00f3 en las \u00e1reas que necesitan ser reforzadas para el aumento y <strong>mejora de las exportaciones espa\u00f1olas<\/strong>, como son el sesgo geogr\u00e1fico, el nivel de <strong>intensidad tecnol\u00f3gica y la base exportadora<\/strong>.<\/p>\n<p>Estos aspectos ser\u00e1n tratados durante los dos d\u00edas del <strong>Congreso para la Internacionalizaci\u00f3n Empresarial -Exporta 2006<\/strong>, mediante cuarenta <strong>seminarios y talleres sobre distintos aspectos de la internacionalizaci\u00f3n<\/strong>, organizados alrededor de tres temas: las <strong>estrategias de imagen y marca, los Planes Integrales de Desarrollo de Mercado (PIDM) y los nuevos desarrollos de factores de competitividad internacional, como el dise\u00f1o o la innovaci\u00f3n<\/strong>.<\/p>\n<p>Adem\u00e1s, las empresas que acudan a <strong>Exporta<\/strong> podr\u00e1n recibir informaci\u00f3n y asesoramiento sobre cien pa\u00edses del mundo, ya que tendr\u00e1n a su disposici\u00f3n asistentes de las 92 oficinas econ\u00f3micas y comerciales de las embajadas de Espa\u00f1a.<\/p>\n<p>Para Mej\u00eda, es &#8220;imprescindible&#8221; sentar las bases para la <strong>diversificaci\u00f3n de la actividad exportadora<\/strong>, que con el 75 por ciento concentrada en la UE es todav\u00eda escasa.<\/p>\n<p>Adem\u00e1s se debe intensificar el esfuerzo tecnol\u00f3gico y conseguir que se aumente el n\u00famero de <strong>empresas espa\u00f1olas implantadas en el exterior<\/strong>, afirm\u00f3, ya que en Espa\u00f1a &#8220;hay un enorme potencial oculto&#8221; que puede aprovecharse.<\/p>\n<p>&#8220;Hay que mirar hacia el futuro y tender puertos para que Espa\u00f1a se asocie con calidad, dise\u00f1o, modernidad y tecnolog\u00eda&#8221;, por lo que congresos como <strong>Exporta<\/strong>, seg\u00fan Mej\u00eda, son &#8220;esenciales&#8221;.<\/p>\n<p>De hecho, esta s\u00e9ptima edici\u00f3n del evento se centra en la imagen y la marca en el exterior de los productos espa\u00f1oles, para conseguir que dicha imagen se corresponda con la realidad econ\u00f3mica del pa\u00eds, y se mejore as\u00ed la competitividad global, explic\u00f3 Acebes. EFECOM<\/p>\n","protected":false},"excerpt":{"rendered":"<p>La evoluci\u00f3n del comercio exterior espa\u00f1ol refleja el dinamismo de la econom\u00eda, pero tambi\u00e9n la insuficiencia exportadora, seg\u00fan el secretario de Estado de Turismo y Comercio, Pedro Mej\u00eda, que particip\u00f3 hoy en la inauguraci\u00f3n del Congreso para la Internacionalizaci\u00f3n Empresarial<span class=\"ellipsis\">&hellip;<\/span><\/p>\n<div class=\"read-more\"><a href=\"https:\/\/www.exportapymes.com\/comercio-exterior-america-esp\/evolucion-del-comercio-exterior-espanol-refleja-falta-de-exportaciones\/\">Leer m&aacute;s &#8250;<\/a><\/div>\n<p><!-- end of .read-more --><\/p>\n","protected":false},"author":1,"featured_media":0,"comment_status":"open","ping_status":"open","sticky":false,"template":"","format":"standard","meta":{"footnotes":""},"categories":[22],"tags":[],"class_list":["post-587","post","type-post","status-publish","format-standard","hentry","category-espana"],"_links":{"self":[{"href":"https:\/\/www.exportapymes.com\/comercio-exterior-america-esp\/wp-json\/wp\/v2\/posts\/587","targetHints":{"allow":["GET"]}}],"collection":[{"href":"https:\/\/www.exportapymes.com\/comercio-exterior-america-esp\/wp-json\/wp\/v2\/posts"}],"about":[{"href":"https:\/\/www.exportapymes.com\/comercio-exterior-america-esp\/wp-json\/wp\/v2\/types\/post"}],"author":[{"embeddable":true,"href":"https:\/\/www.exportapymes.com\/comercio-exterior-america-esp\/wp-json\/wp\/v2\/users\/1"}],"replies":[{"embeddable":true,"href":"https:\/\/www.exportapymes.com\/comercio-exterior-america-esp\/wp-json\/wp\/v2\/comments?post=587"}],"version-history":[{"count":0,"href":"https:\/\/www.exportapymes.com\/comercio-exterior-america-esp\/wp-json\/wp\/v2\/posts\/587\/revisions"}],"wp:attachment":[{"href":"https:\/\/www.exportapymes.com\/comercio-exterior-america-esp\/wp-json\/wp\/v2\/media?parent=587"}],"wp:term":[{"taxonomy":"category","embeddable":true,"href":"https:\/\/www.exportapymes.com\/comercio-exterior-america-esp\/wp-json\/wp\/v2\/categories?post=587"},{"taxonomy":"post_tag","embeddable":true,"href":"https:\/\/www.exportapymes.com\/comercio-exterior-america-esp\/wp-json\/wp\/v2\/tags?post=587"}],"curies":[{"name":"wp","href":"https:\/\/api.w.org\/{rel}","templated":true}]}}