{"id":588,"date":"2006-06-23T16:56:19","date_gmt":"2006-06-23T23:56:19","guid":{"rendered":"http:\/\/www.exportapymes.com\/comercio-exterior-america-esp\/seminario-para-cafta-imparte-la-amcham-de-el-salvador\/"},"modified":"2006-06-23T16:56:19","modified_gmt":"2006-06-23T23:56:19","slug":"seminario-para-cafta-imparte-la-amcham-de-el-salvador","status":"publish","type":"post","link":"https:\/\/www.exportapymes.com\/comercio-exterior-america-esp\/seminario-para-cafta-imparte-la-amcham-de-el-salvador\/","title":{"rendered":"Seminario para CAFTA imparte la AmCham de El Salvador"},"content":{"rendered":"<p>La <strong>C\u00e1mara Americana de Comercio en El Salvador<\/strong> (<strong>AmCham<\/strong>) celebr\u00f3 ayer el primero de un <strong>ciclo de seminarios t\u00e9cnicos<\/strong> que estar\u00e1n relacionados al <strong>Tratado de Libre Comercio con Estados Unidos (CAFTA)<\/strong>. \u201cQueremos que nuestros empresarios estudien y conozcan a fondo todas las herramientas y beneficios que pueden obtener de este convenio\u201d, se\u00f1al\u00f3 Enzo Bettaglio, director ejecutivo de la AmCham.<br \/>\n<img decoding=\"async\" src=\"http:\/\/www.exportapymes.com\/comercio-exterior-america-esp\/images\/ban\/el_salvador.jpg\" \/>   Los principales puntos del seminario versaron sobre las reglas de origen y las nuevas condiciones arancelarias y aduaneras que genera el <strong>CAFTA<\/strong> y c\u00f3mo pueden ser utilizadas en favor de las compa\u00f1\u00edas.<br \/>\n<!--more-->La ponencia estuvo a cargo de Thomas Travis, consultor especializado en el tema y socio de la firma de abogados estadounidense Sandler, Travis y Rosenberg. Para Bettaglio, la exposici\u00f3n pretendi\u00f3 introducir a los empresarios en particularidades t\u00e9cnicas y casi estrat\u00e9gicas de c\u00f3mo valerse de las condiciones de exportaci\u00f3n que impone el ya mencionado tratado.<\/p>\n<p>\u201c<strong>El Salvador<\/strong> es un pa\u00eds muy competitivo, pero necesita conocer a profundidad el <strong>CAFTA<\/strong>\u201d, se\u00f1al\u00f3 Travis. Seg\u00fan este ponente, el desarrollo depende del inter\u00e9s que demuestren los <strong>empresarios salvadore\u00f1os<\/strong>.<\/p>\n<p>La AmCham convoc\u00f3 a sus capacitaciones a empresas salvadore\u00f1as destinadas a diferentes rubros:<br \/>\n&#8211; Empresas de manufactura<br \/>\n&#8211; Textiles y confecci\u00f3n<br \/>\n&#8211; De servicios<br \/>\n&#8211; De bienes ra\u00edces<br \/>\n&#8211; Abogados<br \/>\n&#8211; Transporte, entre otros<\/p>\n<p><em>Todos los sectores<\/em><br \/>\nLa AmCham invit\u00f3 a todos los rubros de empresarios a que participaran en el seminario. Dijo que asistieron representantes de la <strong>manufactura salvadore\u00f1a<\/strong>, algunos miembros del sector textil y de confecci\u00f3n, bienes ra\u00edces, servicios, entre otros. \u201cLas puertas de estas actividades est\u00e1n abiertas para todo tipo de empresas, tanto grandes como <strong>Pymes<\/strong>\u201d, coment\u00f3 Bettaglio. <\/p>\n<p>La pretensi\u00f3n de Travis es dejarle a los salvadore\u00f1os una \u201creceta\u201d de c\u00f3mo aplicar las reglas del <strong>CAFTA<\/strong> para cada producto diferente. El Mundo<\/p>\n","protected":false},"excerpt":{"rendered":"<p>La C\u00e1mara Americana de Comercio en El Salvador (AmCham) celebr\u00f3 ayer el primero de un ciclo de seminarios t\u00e9cnicos que estar\u00e1n relacionados al Tratado de Libre Comercio con Estados Unidos (CAFTA). \u201cQueremos que nuestros empresarios estudien y conozcan a fondo<span class=\"ellipsis\">&hellip;<\/span><\/p>\n<div class=\"read-more\"><a href=\"https:\/\/www.exportapymes.com\/comercio-exterior-america-esp\/seminario-para-cafta-imparte-la-amcham-de-el-salvador\/\">Leer m&aacute;s &#8250;<\/a><\/div>\n<p><!-- end of .read-more --><\/p>\n","protected":false},"author":1,"featured_media":0,"comment_status":"open","ping_status":"open","sticky":false,"template":"","format":"standard","meta":{"footnotes":""},"categories":[9],"tags":[],"class_list":["post-588","post","type-post","status-publish","format-standard","hentry","category-el-salvador"],"_links":{"self":[{"href":"https:\/\/www.exportapymes.com\/comercio-exterior-america-esp\/wp-json\/wp\/v2\/posts\/588","targetHints":{"allow":["GET"]}}],"collection":[{"href":"https:\/\/www.exportapymes.com\/comercio-exterior-america-esp\/wp-json\/wp\/v2\/posts"}],"about":[{"href":"https:\/\/www.exportapymes.com\/comercio-exterior-america-esp\/wp-json\/wp\/v2\/types\/post"}],"author":[{"embeddable":true,"href":"https:\/\/www.exportapymes.com\/comercio-exterior-america-esp\/wp-json\/wp\/v2\/users\/1"}],"replies":[{"embeddable":true,"href":"https:\/\/www.exportapymes.com\/comercio-exterior-america-esp\/wp-json\/wp\/v2\/comments?post=588"}],"version-history":[{"count":0,"href":"https:\/\/www.exportapymes.com\/comercio-exterior-america-esp\/wp-json\/wp\/v2\/posts\/588\/revisions"}],"wp:attachment":[{"href":"https:\/\/www.exportapymes.com\/comercio-exterior-america-esp\/wp-json\/wp\/v2\/media?parent=588"}],"wp:term":[{"taxonomy":"category","embeddable":true,"href":"https:\/\/www.exportapymes.com\/comercio-exterior-america-esp\/wp-json\/wp\/v2\/categories?post=588"},{"taxonomy":"post_tag","embeddable":true,"href":"https:\/\/www.exportapymes.com\/comercio-exterior-america-esp\/wp-json\/wp\/v2\/tags?post=588"}],"curies":[{"name":"wp","href":"https:\/\/api.w.org\/{rel}","templated":true}]}}