{"id":59,"date":"2006-02-15T17:40:58","date_gmt":"2006-02-15T22:40:58","guid":{"rendered":"http:\/\/www.exportapymes.com\/comercio-exterior-america-esp\/pymes-tecnologicas-espanolas-participaran-en-cebit\/"},"modified":"2007-06-14T12:31:19","modified_gmt":"2007-06-14T19:31:19","slug":"pymes-tecnologicas-espanolas-participaran-en-cebit","status":"publish","type":"post","link":"https:\/\/www.exportapymes.com\/comercio-exterior-america-esp\/pymes-tecnologicas-espanolas-participaran-en-cebit\/","title":{"rendered":"Pymes tecnol\u00f3gicas espa\u00f1olas participar\u00e1n en CeBIT"},"content":{"rendered":"<p>Esta iniciativa de <strong>internacionalizaci\u00f3n<\/strong> cuenta con el apoyo del <strong>Instituto Espa\u00f1ol de Comercio Exterior<\/strong> (<strong>ICEX<\/strong>).<br \/>\n<img decoding=\"async\" src=\"http:\/\/www.exportapymes.com\/comercio-exterior-america-esp\/images\/ban\/spain.jpg\" \/>   La <strong>Asociaci\u00f3n de Empresas de Electr\u00f3nica, Tecnolog\u00edas de la Informaci\u00f3n y Telecomunicaciones de Espa\u00f1a<\/strong> (<strong>AETIC<\/strong>) ha coordinado un a\u00f1o m\u00e1s la presencia de una veintena de <strong>Pymes espa\u00f1olas<\/strong> en la pr\u00f3xima edici\u00f3n de <strong>CeBIT<\/strong>, la feria europea m\u00e1s importante de electr\u00f3nica, inform\u00e1tica y telecomunicaciones, que tendr\u00e1 lugar del 9 al 15 de marzo en la ciudad alemana de Hannover.<\/p>\n<p><!--more-->Los expositores espa\u00f1oles estar\u00e1n distribuidos en diez pabellones, bajo una marca identificativa com\u00fan, y mostrar\u00e1n una amplia variedad de nuevos y sofisticados productos, desarrollos y tecnolog\u00edas. El objetivo de esta iniciativa, que cuenta con el apoyo del <strong>Instituto Espa\u00f1ol de Comercio Exterior<\/strong> (<strong>ICEX<\/strong>), es dar a conocer las capacidades, calidad y competitividad del producto tecnol\u00f3gico espa\u00f1ol no s\u00f3lo a empresas europeas sino a mercados no tradicionales para Espa\u00f1a que tambi\u00e9n est\u00e1n representados muy activamente en <strong>CeBIT<\/strong>.<\/p>\n<p>Durante la pasada edici\u00f3n, las empresas que integraron el pabell\u00f3n espa\u00f1ol materializaron m\u00e1s de 2.800 contactos, con una media aproximada de 100 reuniones por expositor, y consiguieron contratos por un valor cercano a los 5 millones de euros, lo que implic\u00f3 un crecimiento  del 16% respecto a la edici\u00f3n del 2005.  <\/p>\n<p>El 43 por ciento de estas compa\u00f1\u00edas, fundamentalmente Pymes, participa por primera vez en CeBIT que, una edici\u00f3n m\u00e1s,  se convierte en el escaparate de las \u00faltimas novedades de las empresas espa\u00f1olas y en una destacada plataforma para la <strong>internacionalizaci\u00f3n<\/strong> de sus productos.  <\/p>\n<p>Las empresas espa\u00f1olas est\u00e1n realizando un importante esfuerzo para permanecer a la vanguardia tecnol\u00f3gica, as\u00ed como para ofrecer soluciones competitivas, tanto en precio como en tecnolog\u00eda, con las de los pa\u00edses m\u00e1s avanzados.<\/p>\n<p>La oferta espa\u00f1ola en CeBIT 2006 se agrupa en distintas \u00e1reas: seguridad inform\u00e1tica, electr\u00f3nica de consumo, almacenamiento de datos, fabricaci\u00f3n de tel\u00e9fonos m\u00f3viles, equipos de mantenimiento y control de instalaciones de telecomunicaci\u00f3n, racks, VoIP, automatizaci\u00f3n bancaria, control de efectivo y seguridad de billetes, soluciones POS, aplicaciones PLC y soluciones bluetooth, entre otras.<\/p>\n<p>Adem\u00e1s, AETIC colabora con la C\u00e1mara de Madrid en fomentar la participaci\u00f3n de las empresas en los encuentros empresariales Al-Invest  que tendr\u00e1 lugar en el marco de CeBIT. Al-Invest, organizado por el Eurocentro de Paraguay, se celebrar\u00e1 los d\u00edas 13 y 14 de marzo y reunir\u00e1 a empresarios de Brasil, M\u00e9xico, Argentina, Chile, Colombia, Uruguay, Paraguay, Espa\u00f1a, Alemania, Italia, Francia, Finlandia y Holanda. El objetivo de Al-Invest es fomentar la cooperaci\u00f3n empresarial entre Pymes espa\u00f1olas y latinoamericanas especializadas en tecnolog\u00edas de la informaci\u00f3n.<\/p>\n<p>Igualmente colabora con los IRC de Madrid y Alicante (International Relay Centers) involucrados en la coorganizaci\u00f3n del FutureMatch,  evento internacional de transferencia de tecnolog\u00eda a celebrarse en el seno de CeBIT entre los d\u00edas 9 y 12 de marzo,  con el que se pretende poner en contacto a empresas espa\u00f1olas con potenciales socios empresariales europeos.<\/p>\n<p>Asimismo colabora con la Embajada de Canad\u00e1 al objeto de crear sinergias entre sus empresas participantes y facilitar las oportunidades de colaboraci\u00f3n entre dos mercados caracterizados por un escaso conocimiento mutuo. Cibersur<\/p>\n","protected":false},"excerpt":{"rendered":"<p>Esta iniciativa de internacionalizaci\u00f3n cuenta con el apoyo del Instituto Espa\u00f1ol de Comercio Exterior (ICEX). La Asociaci\u00f3n de Empresas de Electr\u00f3nica, Tecnolog\u00edas de la Informaci\u00f3n y Telecomunicaciones de Espa\u00f1a (AETIC) ha coordinado un a\u00f1o m\u00e1s la presencia de una veintena<span class=\"ellipsis\">&hellip;<\/span><\/p>\n<div class=\"read-more\"><a href=\"https:\/\/www.exportapymes.com\/comercio-exterior-america-esp\/pymes-tecnologicas-espanolas-participaran-en-cebit\/\">Leer m&aacute;s &#8250;<\/a><\/div>\n<p><!-- end of .read-more --><\/p>\n","protected":false},"author":1,"featured_media":0,"comment_status":"open","ping_status":"open","sticky":false,"template":"","format":"standard","meta":{"footnotes":""},"categories":[22,62,63],"tags":[],"class_list":["post-59","post","type-post","status-publish","format-standard","hentry","category-espana","category-eurocentro-programa-al-invest","category-tecnologias-de-la-informacion-y-comunicacion-tic"],"_links":{"self":[{"href":"https:\/\/www.exportapymes.com\/comercio-exterior-america-esp\/wp-json\/wp\/v2\/posts\/59","targetHints":{"allow":["GET"]}}],"collection":[{"href":"https:\/\/www.exportapymes.com\/comercio-exterior-america-esp\/wp-json\/wp\/v2\/posts"}],"about":[{"href":"https:\/\/www.exportapymes.com\/comercio-exterior-america-esp\/wp-json\/wp\/v2\/types\/post"}],"author":[{"embeddable":true,"href":"https:\/\/www.exportapymes.com\/comercio-exterior-america-esp\/wp-json\/wp\/v2\/users\/1"}],"replies":[{"embeddable":true,"href":"https:\/\/www.exportapymes.com\/comercio-exterior-america-esp\/wp-json\/wp\/v2\/comments?post=59"}],"version-history":[{"count":0,"href":"https:\/\/www.exportapymes.com\/comercio-exterior-america-esp\/wp-json\/wp\/v2\/posts\/59\/revisions"}],"wp:attachment":[{"href":"https:\/\/www.exportapymes.com\/comercio-exterior-america-esp\/wp-json\/wp\/v2\/media?parent=59"}],"wp:term":[{"taxonomy":"category","embeddable":true,"href":"https:\/\/www.exportapymes.com\/comercio-exterior-america-esp\/wp-json\/wp\/v2\/categories?post=59"},{"taxonomy":"post_tag","embeddable":true,"href":"https:\/\/www.exportapymes.com\/comercio-exterior-america-esp\/wp-json\/wp\/v2\/tags?post=59"}],"curies":[{"name":"wp","href":"https:\/\/api.w.org\/{rel}","templated":true}]}}