{"id":6,"date":"2006-01-25T17:47:06","date_gmt":"2006-01-26T00:47:06","guid":{"rendered":"http:\/\/www.exportapymes.com\/comercio-exterior-america-esp\/encuentro-sobre-experiencias-de-internacionalizacion\/"},"modified":"2006-02-26T15:12:46","modified_gmt":"2006-02-26T22:12:46","slug":"encuentro-sobre-experiencias-de-internacionalizacion","status":"publish","type":"post","link":"https:\/\/www.exportapymes.com\/comercio-exterior-america-esp\/encuentro-sobre-experiencias-de-internacionalizacion\/","title":{"rendered":"Encuentro sobre experiencias de internacionalizaci\u00f3n"},"content":{"rendered":"<p>Universidad de Granada<br \/>\n<img decoding=\"async\" src=\"http:\/\/www.exportapymes.com\/comercio-exterior-america-esp\/images\/ban\/spain.jpg\" \/><br \/>\nEl seminario cuenta con la colaboraci\u00f3n del grupo de investigaci\u00f3n ADEMAR y la <strong>Agencia<\/strong> <strong>Andaluza de Promoci\u00f3n Exterior<\/strong> (<strong>EXTENDA<\/strong>).<br \/>\nLa Fundaci\u00f3n Empresa Universidad de Granada celebra los d\u00edas 26 y 27 de enero un &#8220;seminario sobre de experiencias de <strong>internacionalizaci\u00f3n de mercados<\/strong>&#8220;. Con la colaboraci\u00f3n del grupo de investigaci\u00f3n granadino ADEMAR (<strong>Administraci\u00f3n de Empresas y Marketing<\/strong>) y la <strong>Agencia Andaluza de Promoci\u00f3n Exterior<\/strong> <strong>(EXTENDA).<\/strong> En el seminario se expondr\u00e1n diversos ejemplos de empresas que han sido <strong>internacionalizadas<\/strong> en diversos sectores, como el hortofrut\u00edcola o la piedra y sus derivados.<br \/>\n<!--more--><\/p>\n<p>El seminario pretende facilitar a los asistentes la adquisici\u00f3n de las competencias profesionales necesarias para la aplicaci\u00f3n de los <strong>procesos de internacionalizaci\u00f3n de las empresas<\/strong> andaluzas.<\/p>\n<p><strong>PROGRAMA:<\/strong><strong>Jueves, 26 de enero de 2006.-<\/strong><strong><strong> <\/strong><strong><strong> <\/strong><strong> <\/p>\n<p><\/strong><\/p>\n<ul>\n<li>16 h.: Apertura y presentaci\u00f3n del seminario: Teodoro Luque, Catedr\u00e1tico de Comercio e Investigaci\u00f3n de Mercados. Vicerrector de Relaciones con la Empresa y <strong>Plan Estrat\u00e9gico<\/strong>; L\u00e1zaro Rodr\u00edguez, Decano de la Facultas de Ciencias Econ\u00f3micas y Empresariales; Pedro Bisbal, Director de Informaci\u00f3n y Comunicaci\u00f3n de Extenda; Jaime Parra, Gerente de la C\u00e1mara de Comercio, Industria y Navegaci\u00f3n de Granada; Jos\u00e9 \u00c1ngel Ib\u00e1\u00f1ez, Coordinador del Seminario. Prof. de Comercio e Investigaci\u00f3n de Mercados UGR.<\/li>\n<li>16,30 h.: <strong>Exportaci\u00f3n en el sector hortofrut\u00edcola<\/strong>: David del Pino, Director de Estrategia y Desarrollo. Carchuna La Palma S.C.A.<\/li>\n<li>18 h.: <strong>Experiencias de internacionalizaci\u00f3n<\/strong> en el sector de la piedra y derivados: Santiago Alfonso. Marketing Manager. Francisco J. Arias, Cosentino Group.<\/li>\n<li>19,30 h.: <strong>Internacionalizaci\u00f3n en el sector de productos industriales<\/strong>: Emilio Carreras. Director General de Atarfil.<\/li>\n<\/ul>\n<p><strong>Viernes, 27 de enero de 2006.-<\/strong><\/p>\n<ul>\n<li>16,30 h. <strong>Medios de pago internacionales<\/strong>: Mar\u00eda Luisa \u00c1vila, Jefa de la Unidad de Extranjero. Caja Rural de Granada.<\/li>\n<li>18 h. <strong>Promoci\u00f3n institucional de la exportaci\u00f3n<\/strong>: Antonio Jes\u00fas Arias, Jefe de los Servicios de Informaci\u00f3n del <strong>ICEX<\/strong>.<\/li>\n<li>19,30 h. <strong>La internacionalizaci\u00f3n de las empresas<\/strong> andaluzas: Jorge Orihuela, Jefe de Informaci\u00f3n y Estudios de Extenda. Agencia Andaluza de <strong>Promoci\u00f3n Exterior<\/strong>. \u00c1rea de Planificaci\u00f3n y Marketing.<\/li>\n<li>20,30 h. Clausura del seminario: Teodoro Luque, Catedr\u00e1tico de Comercio e <strong>Investigaci\u00f3n de Mercados<\/strong> UGR. Vicerrector de Relaciones con la Empresa y Plan Estrat\u00e9gico, L\u00e1zaro Rodr\u00edguez, Decano de la Facultad de Ciencias Econ\u00f3micas y Empresariales; Jorge Orihuela, Jefe de Informaci\u00f3n y Estudios de Extenda; Jos\u00e9 \u00c1ngel Ib\u00e1\u00f1ez, Coordinador del Seminario.<br \/>\nUniversia<\/li>\n<\/ul>\n<p><\/strong><\/strong><\/p>\n","protected":false},"excerpt":{"rendered":"<p>Universidad de Granada El seminario cuenta con la colaboraci\u00f3n del grupo de investigaci\u00f3n ADEMAR y la Agencia Andaluza de Promoci\u00f3n Exterior (EXTENDA). La Fundaci\u00f3n Empresa Universidad de Granada celebra los d\u00edas 26 y 27 de enero un &#8220;seminario sobre de<span class=\"ellipsis\">&hellip;<\/span><\/p>\n<div class=\"read-more\"><a href=\"https:\/\/www.exportapymes.com\/comercio-exterior-america-esp\/encuentro-sobre-experiencias-de-internacionalizacion\/\">Leer m&aacute;s &#8250;<\/a><\/div>\n<p><!-- end of .read-more --><\/p>\n","protected":false},"author":1,"featured_media":0,"comment_status":"open","ping_status":"open","sticky":false,"template":"","format":"standard","meta":{"footnotes":""},"categories":[22],"tags":[],"class_list":["post-6","post","type-post","status-publish","format-standard","hentry","category-espana"],"_links":{"self":[{"href":"https:\/\/www.exportapymes.com\/comercio-exterior-america-esp\/wp-json\/wp\/v2\/posts\/6","targetHints":{"allow":["GET"]}}],"collection":[{"href":"https:\/\/www.exportapymes.com\/comercio-exterior-america-esp\/wp-json\/wp\/v2\/posts"}],"about":[{"href":"https:\/\/www.exportapymes.com\/comercio-exterior-america-esp\/wp-json\/wp\/v2\/types\/post"}],"author":[{"embeddable":true,"href":"https:\/\/www.exportapymes.com\/comercio-exterior-america-esp\/wp-json\/wp\/v2\/users\/1"}],"replies":[{"embeddable":true,"href":"https:\/\/www.exportapymes.com\/comercio-exterior-america-esp\/wp-json\/wp\/v2\/comments?post=6"}],"version-history":[{"count":0,"href":"https:\/\/www.exportapymes.com\/comercio-exterior-america-esp\/wp-json\/wp\/v2\/posts\/6\/revisions"}],"wp:attachment":[{"href":"https:\/\/www.exportapymes.com\/comercio-exterior-america-esp\/wp-json\/wp\/v2\/media?parent=6"}],"wp:term":[{"taxonomy":"category","embeddable":true,"href":"https:\/\/www.exportapymes.com\/comercio-exterior-america-esp\/wp-json\/wp\/v2\/categories?post=6"},{"taxonomy":"post_tag","embeddable":true,"href":"https:\/\/www.exportapymes.com\/comercio-exterior-america-esp\/wp-json\/wp\/v2\/tags?post=6"}],"curies":[{"name":"wp","href":"https:\/\/api.w.org\/{rel}","templated":true}]}}