{"id":604,"date":"2006-07-03T14:02:28","date_gmt":"2006-07-03T21:02:28","guid":{"rendered":"http:\/\/www.exportapymes.com\/comercio-exterior-america-esp\/programa-aprendiendo-a-exportar\/"},"modified":"2007-06-19T12:20:27","modified_gmt":"2007-06-19T19:20:27","slug":"programa-aprendiendo-a-exportar","status":"publish","type":"post","link":"https:\/\/www.exportapymes.com\/comercio-exterior-america-esp\/programa-aprendiendo-a-exportar\/","title":{"rendered":"Programa &#8220;Aprendiendo a Exportar&#8221;"},"content":{"rendered":"<p><strong>Burgos, 6 de julio<\/strong><br \/>\nEl <strong>Instituto Espa\u00f1ol de Comercio Exterior<\/strong> (<strong>ICEX<\/strong>) va a poner en marcha en Castilla y Le\u00f3n el programa \u201c<strong>Aprendiendo a Exportar<\/strong>\u201d, una de las medidas incluidas en el <strong>Plan de Dinamizaci\u00f3n de la Econom\u00eda<\/strong> aprobado por el Gobierno para <strong>fomentar la internacionalizaci\u00f3n de las empresas<\/strong>.<br \/>\n<img decoding=\"async\" src=\"http:\/\/www.exportapymes.com\/comercio-exterior-america-esp\/images\/ban\/spain.jpg\" \/>   El principal objetivo de este programa es sensibilizar a m\u00e1s de 5.000 pymes sobre la necesidad de <strong>salir al exterior para crecer y ser m\u00e1s competitivas<\/strong>.<br \/>\n<!--more-->El proyecto cuenta con un presupuesto hasta final de 2006 que supera ligeramente los 5 millones de euros, que ser\u00e1 financiado y gestionado por el ICEX, aunque se prev\u00e9 financiaci\u00f3n adicional por parte de instituciones colaboradoras en este proyecto.<\/p>\n<p>&#8220;<strong>Aprendiendo a Exportar<\/strong>&#8221; consta de una jornada en la que se pretende <strong>interesar a las pymes en el proyecto de iniciaci\u00f3n a la exportaci\u00f3n<\/strong> y sensibilizarlas sobre la necesidad de <strong>abrir nuevos mercados<\/strong>, y de un <strong>programa de apoyo a la pyme<\/strong>, durante todo un a\u00f1o, para ayudarla a ser <strong>m\u00e1s competitiva en el exterior<\/strong>, prest\u00e1ndole todo el asesoramiento y el apoyo necesario en temas como nuevas tecnolog\u00edas, comunicaci\u00f3n y marca, innovaci\u00f3n y dise\u00f1o, fiscalidad, financiaci\u00f3n, etc.<\/p>\n<p>En el caso de Castilla y Le\u00f3n, esta jornada tendr\u00e1 lugar en el d\u00eda 6 de julio en Burgos, tras el \u00e9xito de las \u201cJornadas Aprendiendo a Exportar&#8221; que ya se han celebrado en diferentes ciudades, en las que han participado 3.488 pymes.<\/p>\n<p>En esta jornada, las empresas castellano leonesas recibir\u00e1n asesoramiento personalizado a trav\u00e9s de entrevistas con expertos en diversas materias relacionadas con la <strong>competitividad de la pyme<\/strong>: <strong>nuevas tecnolog\u00edas y web, innovaci\u00f3n y dise\u00f1o, comunicaci\u00f3n y marca, financiaci\u00f3n y cobros, contratos y tr\u00e1mites y apoyos existentes para la pyme.<\/strong> Tambi\u00e9n podr\u00e1n asistir a un encuentro empresarial en el que tres empresarios de Castilla-Le\u00f3n recientemente iniciados en los mercados exteriores y con \u00e9xito en estos mercados expondr\u00e1n sus experiencias.<\/p>\n<p><strong>&#8220;Aprendiendo a Exportar&#8221;<\/strong> es un programa muy diferente a cualquier otro de los existentes en la actualidad, ya que conjuga una labor activa del <strong>ICEX<\/strong> para llegar al mayor n\u00famero de empresas inform\u00e1ndolas y asesor\u00e1ndolas y, a la vez, prest\u00e1ndoles apoyo y ofreci\u00e9ndoles servicios de valor a\u00f1adido.<\/p>\n<p>Para el desarrollo del proyecto en Castilla y Le\u00f3n, el ICEX, que lidera este proyecto, cuenta con la colaboraci\u00f3n de la Direcci\u00f3n General de Pol\u00edtica de la PYME del Ministerio de Industria, Turismo y Comercio y del Centro para el Desarrollo Tecnol\u00f3gico Industrial, CDTI. Otros socios y colaboradores son las C\u00e1maras de Comercio, EXCAL (Exportaciones de Castilla y Le\u00f3n), Banesto, el DDI, la <strong>Asociaci\u00f3n de J\u00f3venes Empresarios<\/strong>, la <strong>Compa\u00f1\u00eda Espa\u00f1ola de Seguros de Cr\u00e9dito a la Exportaci\u00f3n<\/strong>, el bufete Garrigues Abogados, la consultora especialista en comunicaci\u00f3n de la empresa Positioning Systems y la empresa Barrab\u00e9s Internet.<\/p>\n<p>Las pymes interesadas en este programa y en la jornada del d\u00eda 6 de julio en Burgos disponen de lap\u00e1gina web: <a href=\"http:\/\/www.aprendiendoaexportar.com\/\">www.aprendiendoaexportar.com<\/a>. Adem\u00e1s de informaci\u00f3n, pueden encontrar diferentes servicios, como la posibilidad de realizar on-line su preinscripci\u00f3n al programa y pedir cita con los expertos en las diferentes materias.<\/p>\n","protected":false},"excerpt":{"rendered":"<p>Burgos, 6 de julio El Instituto Espa\u00f1ol de Comercio Exterior (ICEX) va a poner en marcha en Castilla y Le\u00f3n el programa \u201cAprendiendo a Exportar\u201d, una de las medidas incluidas en el Plan de Dinamizaci\u00f3n de la Econom\u00eda aprobado por<span class=\"ellipsis\">&hellip;<\/span><\/p>\n<div class=\"read-more\"><a href=\"https:\/\/www.exportapymes.com\/comercio-exterior-america-esp\/programa-aprendiendo-a-exportar\/\">Leer m&aacute;s &#8250;<\/a><\/div>\n<p><!-- end of .read-more --><\/p>\n","protected":false},"author":1,"featured_media":0,"comment_status":"open","ping_status":"open","sticky":false,"template":"","format":"standard","meta":{"footnotes":""},"categories":[64,22,24,32,37,38,25],"tags":[],"class_list":["post-604","post","type-post","status-publish","format-standard","hentry","category-aprendiendo-a-exportar","category-espana","category-exportacion","category-exportar","category-icex","category-instituto-espanol-de-comercio-exterior","category-internacionalizacion"],"_links":{"self":[{"href":"https:\/\/www.exportapymes.com\/comercio-exterior-america-esp\/wp-json\/wp\/v2\/posts\/604","targetHints":{"allow":["GET"]}}],"collection":[{"href":"https:\/\/www.exportapymes.com\/comercio-exterior-america-esp\/wp-json\/wp\/v2\/posts"}],"about":[{"href":"https:\/\/www.exportapymes.com\/comercio-exterior-america-esp\/wp-json\/wp\/v2\/types\/post"}],"author":[{"embeddable":true,"href":"https:\/\/www.exportapymes.com\/comercio-exterior-america-esp\/wp-json\/wp\/v2\/users\/1"}],"replies":[{"embeddable":true,"href":"https:\/\/www.exportapymes.com\/comercio-exterior-america-esp\/wp-json\/wp\/v2\/comments?post=604"}],"version-history":[{"count":0,"href":"https:\/\/www.exportapymes.com\/comercio-exterior-america-esp\/wp-json\/wp\/v2\/posts\/604\/revisions"}],"wp:attachment":[{"href":"https:\/\/www.exportapymes.com\/comercio-exterior-america-esp\/wp-json\/wp\/v2\/media?parent=604"}],"wp:term":[{"taxonomy":"category","embeddable":true,"href":"https:\/\/www.exportapymes.com\/comercio-exterior-america-esp\/wp-json\/wp\/v2\/categories?post=604"},{"taxonomy":"post_tag","embeddable":true,"href":"https:\/\/www.exportapymes.com\/comercio-exterior-america-esp\/wp-json\/wp\/v2\/tags?post=604"}],"curies":[{"name":"wp","href":"https:\/\/api.w.org\/{rel}","templated":true}]}}