{"id":616,"date":"2006-07-07T10:22:05","date_gmt":"2006-07-07T17:22:05","guid":{"rendered":"http:\/\/www.exportapymes.com\/comercio-exterior-america-esp\/curso-de-capacitacion-en-comercio-exterior-de-prompex\/"},"modified":"2006-07-07T10:22:05","modified_gmt":"2006-07-07T17:22:05","slug":"curso-de-capacitacion-en-comercio-exterior-de-prompex","status":"publish","type":"post","link":"https:\/\/www.exportapymes.com\/comercio-exterior-america-esp\/curso-de-capacitacion-en-comercio-exterior-de-prompex\/","title":{"rendered":"Curso de capacitaci\u00f3n en comercio exterior de PROMPEX"},"content":{"rendered":"<p><strong>12\/07\/2006<br \/>\n<\/strong>La <strong>Agencia para la Promoci\u00f3n de Exportaciones del Per\u00fa PROMPEX<\/strong>, continua con los &#8220;<strong>Mi\u00e9rcoles del Exportador<\/strong>&#8221; con el prop\u00f3sito de fortalecer y ampliar los <strong>conocimientos en comercio exterior de las medianas, peque\u00f1as y micro empresas<\/strong>.<br \/>\n<img decoding=\"async\" src=\"http:\/\/www.exportapymes.com\/comercio-exterior-america-esp\/images\/ban\/peru.jpg\" \/>   Estos <strong>seminarios<\/strong> son presentados por especialistas de <strong>PROMPEX<\/strong> y otras instituciones relacionadas a la <strong>cadena exportadora<\/strong>.<br \/>\n<!--more--><em>Programa para el d\u00eda 12\/07\/2006<\/em><\/p>\n<p>9:00-11:00 Exportando al mercado este de los estados unidos &#8211; Gerencia de Inteligencia de Mercados &#8211; PROMPEX.<br \/>\n11:00-13:00 Log\u00edstica exportadora al mercado norteamericano &#8211; Victor Alvarado.<br \/>\n15:00-18:00 ISO 9001 &#8211; CERPER.<br \/>\n19:00-21:00 Proceso operativo de exportacion (2da parte) &#8211; Gerencia de Servicios de Informaci\u00f3n y Comercio Electr\u00f3nico &#8211; PROMPEX.<br \/>\n<em><br \/>\n\u00bfCOMO PARTICIPAR?<br \/>\n<\/em>Realice su preinscripci\u00f3n a trav\u00e9s de Internet: <a href=\"http:\/\/www.prompex.gob.pe\/prompex\/documents\/mailing\/2006\/me\/registro.xls\">DESCARGAR FICHA<\/a><br \/>\n Realice el pago correspondiente en Caja de PROMPEX, de acuerdo al tipo de evento:<br \/>\nCOSTO DE PARTICIPACI\u00d3N:<br \/>\n(1) S\/. 10 <\/p>\n<p>Asista portando su DNI para ingresar a PROMPEX.<\/p>\n","protected":false},"excerpt":{"rendered":"<p>12\/07\/2006 La Agencia para la Promoci\u00f3n de Exportaciones del Per\u00fa PROMPEX, continua con los &#8220;Mi\u00e9rcoles del Exportador&#8221; con el prop\u00f3sito de fortalecer y ampliar los conocimientos en comercio exterior de las medianas, peque\u00f1as y micro empresas. Estos seminarios son presentados<span class=\"ellipsis\">&hellip;<\/span><\/p>\n<div class=\"read-more\"><a href=\"https:\/\/www.exportapymes.com\/comercio-exterior-america-esp\/curso-de-capacitacion-en-comercio-exterior-de-prompex\/\">Leer m&aacute;s &#8250;<\/a><\/div>\n<p><!-- end of .read-more --><\/p>\n","protected":false},"author":1,"featured_media":0,"comment_status":"open","ping_status":"open","sticky":false,"template":"","format":"standard","meta":{"footnotes":""},"categories":[17],"tags":[],"class_list":["post-616","post","type-post","status-publish","format-standard","hentry","category-peru"],"_links":{"self":[{"href":"https:\/\/www.exportapymes.com\/comercio-exterior-america-esp\/wp-json\/wp\/v2\/posts\/616","targetHints":{"allow":["GET"]}}],"collection":[{"href":"https:\/\/www.exportapymes.com\/comercio-exterior-america-esp\/wp-json\/wp\/v2\/posts"}],"about":[{"href":"https:\/\/www.exportapymes.com\/comercio-exterior-america-esp\/wp-json\/wp\/v2\/types\/post"}],"author":[{"embeddable":true,"href":"https:\/\/www.exportapymes.com\/comercio-exterior-america-esp\/wp-json\/wp\/v2\/users\/1"}],"replies":[{"embeddable":true,"href":"https:\/\/www.exportapymes.com\/comercio-exterior-america-esp\/wp-json\/wp\/v2\/comments?post=616"}],"version-history":[{"count":0,"href":"https:\/\/www.exportapymes.com\/comercio-exterior-america-esp\/wp-json\/wp\/v2\/posts\/616\/revisions"}],"wp:attachment":[{"href":"https:\/\/www.exportapymes.com\/comercio-exterior-america-esp\/wp-json\/wp\/v2\/media?parent=616"}],"wp:term":[{"taxonomy":"category","embeddable":true,"href":"https:\/\/www.exportapymes.com\/comercio-exterior-america-esp\/wp-json\/wp\/v2\/categories?post=616"},{"taxonomy":"post_tag","embeddable":true,"href":"https:\/\/www.exportapymes.com\/comercio-exterior-america-esp\/wp-json\/wp\/v2\/tags?post=616"}],"curies":[{"name":"wp","href":"https:\/\/api.w.org\/{rel}","templated":true}]}}