{"id":617,"date":"2006-07-07T10:35:10","date_gmt":"2006-07-07T17:35:10","guid":{"rendered":"http:\/\/www.exportapymes.com\/comercio-exterior-america-esp\/entro-en-vigor-en-guatemala-el-tratado-de-libre-comercio-cafta-rd\/"},"modified":"2006-07-07T10:35:10","modified_gmt":"2006-07-07T17:35:10","slug":"entro-en-vigor-en-guatemala-el-tratado-de-libre-comercio-cafta-rd","status":"publish","type":"post","link":"https:\/\/www.exportapymes.com\/comercio-exterior-america-esp\/entro-en-vigor-en-guatemala-el-tratado-de-libre-comercio-cafta-rd\/","title":{"rendered":"Entr\u00f3 en vigor en Guatemala el tratado de libre comercio CAFTA-RD"},"content":{"rendered":"<p>La representante de <strong>Comercio Exterior de Estados Unidos, Susan Schwab<\/strong>, celebr\u00f3 la entrada en vigor en Guatemala, del <strong>tratado de libre comercio (TLC)<\/strong> entre este pa\u00eds, Am\u00e9rica Central y la Rep\u00fablica Dominicana.<br \/>\n<img decoding=\"async\" src=\"http:\/\/www.exportapymes.com\/comercio-exterior-america-esp\/images\/ban\/guatemala.jpg\" \/>   &#8220;Estamos contentos de que <strong>Guatemala<\/strong> est\u00e1 ahora lista para unirse a <strong>El Salvador, Honduras y Nicaragua<\/strong> en la puesta en pr\u00e1ctica total de este acuerdo&#8221;, se\u00f1al\u00f3 ayer en un comunicado Schwab, quien se encuentra en Ginebra, donde participa en la negociaciones de la Organizaci\u00f3n Mundial de Comercio (OMC).<br \/>\n<!--more-->En cambio, la coalici\u00f3n &#8220;Stop Cafta&#8221;, como se conoce tambi\u00e9n este acuerdo por sus siglas en ingl\u00e9s, que agrupa a organizaciones estadounidenses, se lament\u00f3 por la entrada en vigor del pacto.<\/p>\n<p>En un comunicado, la coalici\u00f3n recalc\u00f3 que el acuerdo &#8220;pondr\u00e1 a los agricultores centroamericanos en una gran desventaja frente a los productos agr\u00edcolas subsidiados de Estados Unidos&#8221;.<\/p>\n<p>El acuerdo deb\u00eda haber entrado en vigor el 1 de enero, pero Estados Unidos exigi\u00f3 a los pa\u00edses firmantes modificar su legislaci\u00f3n para adaptarla a las normas del compromiso antes de su aplicaci\u00f3n. El TLC reduce las barreras comerciales mutuas y establece normas comunes sobre inversi\u00f3n y propiedad intelectual, entre otras. &#8220;Aprecio mucho el esfuerzo sincero y diligente de Guatemala para adoptar el marco regulador y legislativo necesario&#8221; para la aplicaci\u00f3n del acuerdo, dijo Schwab.<\/p>\n<p>Por su parte, Carrie Stengel, de la Comisi\u00f3n de Derechos Humanos de Guatemala, denunci\u00f3 en el comunicado de la coalici\u00f3n que entre los cambios normativos exigidos por EU a su pa\u00eds est\u00e1n &#8220;restricciones al acceso a f\u00e1rmacos gen\u00e9ricos de bajo costo&#8221; que son mayores que las contempladas por el propio texto del acuerdo. La Prensa<\/p>\n","protected":false},"excerpt":{"rendered":"<p>La representante de Comercio Exterior de Estados Unidos, Susan Schwab, celebr\u00f3 la entrada en vigor en Guatemala, del tratado de libre comercio (TLC) entre este pa\u00eds, Am\u00e9rica Central y la Rep\u00fablica Dominicana. &#8220;Estamos contentos de que Guatemala est\u00e1 ahora lista<span class=\"ellipsis\">&hellip;<\/span><\/p>\n<div class=\"read-more\"><a href=\"https:\/\/www.exportapymes.com\/comercio-exterior-america-esp\/entro-en-vigor-en-guatemala-el-tratado-de-libre-comercio-cafta-rd\/\">Leer m&aacute;s &#8250;<\/a><\/div>\n<p><!-- end of .read-more --><\/p>\n","protected":false},"author":1,"featured_media":0,"comment_status":"open","ping_status":"open","sticky":false,"template":"","format":"standard","meta":{"footnotes":""},"categories":[10],"tags":[],"class_list":["post-617","post","type-post","status-publish","format-standard","hentry","category-guatemala"],"_links":{"self":[{"href":"https:\/\/www.exportapymes.com\/comercio-exterior-america-esp\/wp-json\/wp\/v2\/posts\/617","targetHints":{"allow":["GET"]}}],"collection":[{"href":"https:\/\/www.exportapymes.com\/comercio-exterior-america-esp\/wp-json\/wp\/v2\/posts"}],"about":[{"href":"https:\/\/www.exportapymes.com\/comercio-exterior-america-esp\/wp-json\/wp\/v2\/types\/post"}],"author":[{"embeddable":true,"href":"https:\/\/www.exportapymes.com\/comercio-exterior-america-esp\/wp-json\/wp\/v2\/users\/1"}],"replies":[{"embeddable":true,"href":"https:\/\/www.exportapymes.com\/comercio-exterior-america-esp\/wp-json\/wp\/v2\/comments?post=617"}],"version-history":[{"count":0,"href":"https:\/\/www.exportapymes.com\/comercio-exterior-america-esp\/wp-json\/wp\/v2\/posts\/617\/revisions"}],"wp:attachment":[{"href":"https:\/\/www.exportapymes.com\/comercio-exterior-america-esp\/wp-json\/wp\/v2\/media?parent=617"}],"wp:term":[{"taxonomy":"category","embeddable":true,"href":"https:\/\/www.exportapymes.com\/comercio-exterior-america-esp\/wp-json\/wp\/v2\/categories?post=617"},{"taxonomy":"post_tag","embeddable":true,"href":"https:\/\/www.exportapymes.com\/comercio-exterior-america-esp\/wp-json\/wp\/v2\/tags?post=617"}],"curies":[{"name":"wp","href":"https:\/\/api.w.org\/{rel}","templated":true}]}}