{"id":625,"date":"2006-07-07T23:27:49","date_gmt":"2006-07-08T06:27:49","guid":{"rendered":"http:\/\/www.exportapymes.com\/comercio-exterior-america-esp\/chilexporta-2006\/"},"modified":"2006-07-07T23:27:49","modified_gmt":"2006-07-08T06:27:49","slug":"chilexporta-2006","status":"publish","type":"post","link":"https:\/\/www.exportapymes.com\/comercio-exterior-america-esp\/chilexporta-2006\/","title":{"rendered":"Chilexporta 2006"},"content":{"rendered":"<p>Esta actividad organizada por <strong>Asexma Chile A.G<\/strong> y agendada para el <strong>10, 11 y 12 de octubre<\/strong>, se efectuar\u00e1 en el centro de eventos Casa Piedra y contar\u00e1 con la realizaci\u00f3n de la primera versi\u00f3n de la \u00fanica feria de y para los <strong>exportadores<\/strong>, llamada \u201c<strong>Chilexporta 2006<\/strong>\u201d.<br \/>\n<img decoding=\"async\" src=\"http:\/\/www.exportapymes.com\/comercio-exterior-america-esp\/images\/ban\/chile.jpg\" \/>   En ella participar\u00e1n m\u00e1s de 100 stands, los que estar\u00e1n compuestos de <strong>empresas productivas y de servicios<\/strong>, todas con sello innovador.<br \/>\n<!--more-->Este encuentro tiene como objetivo darle a los <strong>empresarios las herramientas necesarias<\/strong> para realizar de manera \u00f3ptima sus<strong> despachos<\/strong>, as\u00ed como poner a disposici\u00f3n de los <strong>potenciales exportadores<\/strong> todas la variables para iniciarse en este proceso, bajo la premisa de agregar valor a los <strong>productos chilenos<\/strong>.<\/p>\n<p>La feria constar\u00e1 de muestras de proveedores y la realizaci\u00f3n de <strong>seminarios especializados<\/strong> donde los expositores, a trav\u00e9s de diferentes tem\u00e1ticas sectoriales, mostrar\u00e1n nuevas tecnolog\u00edas y productos que apoyen a los empresarios y les ense\u00f1en a tener un mejor manejo del<strong> comercio exterior<\/strong>, reduciendo costos, siendo m\u00e1s innovadores, aplicando tecnolog\u00eda, dise\u00f1o, y encontrando insumos sustitutos.<\/p>\n<p>En el segundo d\u00eda del encuentro, Asexma realizar\u00e1 su cena anual, la que contar\u00e1 con el discurso de su presidente y autoridades invitadas, a quienes se les har\u00e1 entrega de las propuestas del gremio. <\/p>\n<p>Adicionalmente, se efectuar\u00e1 la premiaci\u00f3n de las empresas socias m\u00e1s destacadas durante el a\u00f1o.<\/p>\n<p>Para la materializaci\u00f3n de este evento Asexma firm\u00f3 una alianza estrat\u00e9gica con Expoferias Lo Castillo, por lo que se proyecta una asistencia de 6.000 personas, especialmente del mundo empresarial. Junto con ello, el gremio espera contar con los patrocinios de los Ministerios de Econom\u00eda, Relaciones Exteriores y otros organismos vinculados al quehacer exportador.<\/p>\n<p>Con esta iniciativa, Asexma se perfila como el principal gremio impulsor de las exportaciones con valor agregado.<br \/>\nMayor informaci\u00f3n al e-mail: <a href=\"mailto:expoferias2@plc.cl\">expoferias2@plc.cl<\/a><\/p>\n","protected":false},"excerpt":{"rendered":"<p>Esta actividad organizada por Asexma Chile A.G y agendada para el 10, 11 y 12 de octubre, se efectuar\u00e1 en el centro de eventos Casa Piedra y contar\u00e1 con la realizaci\u00f3n de la primera versi\u00f3n de la \u00fanica feria de<span class=\"ellipsis\">&hellip;<\/span><\/p>\n<div class=\"read-more\"><a href=\"https:\/\/www.exportapymes.com\/comercio-exterior-america-esp\/chilexporta-2006\/\">Leer m&aacute;s &#8250;<\/a><\/div>\n<p><!-- end of .read-more --><\/p>\n","protected":false},"author":1,"featured_media":0,"comment_status":"open","ping_status":"open","sticky":false,"template":"","format":"standard","meta":{"footnotes":""},"categories":[4],"tags":[],"class_list":["post-625","post","type-post","status-publish","format-standard","hentry","category-chile"],"_links":{"self":[{"href":"https:\/\/www.exportapymes.com\/comercio-exterior-america-esp\/wp-json\/wp\/v2\/posts\/625","targetHints":{"allow":["GET"]}}],"collection":[{"href":"https:\/\/www.exportapymes.com\/comercio-exterior-america-esp\/wp-json\/wp\/v2\/posts"}],"about":[{"href":"https:\/\/www.exportapymes.com\/comercio-exterior-america-esp\/wp-json\/wp\/v2\/types\/post"}],"author":[{"embeddable":true,"href":"https:\/\/www.exportapymes.com\/comercio-exterior-america-esp\/wp-json\/wp\/v2\/users\/1"}],"replies":[{"embeddable":true,"href":"https:\/\/www.exportapymes.com\/comercio-exterior-america-esp\/wp-json\/wp\/v2\/comments?post=625"}],"version-history":[{"count":0,"href":"https:\/\/www.exportapymes.com\/comercio-exterior-america-esp\/wp-json\/wp\/v2\/posts\/625\/revisions"}],"wp:attachment":[{"href":"https:\/\/www.exportapymes.com\/comercio-exterior-america-esp\/wp-json\/wp\/v2\/media?parent=625"}],"wp:term":[{"taxonomy":"category","embeddable":true,"href":"https:\/\/www.exportapymes.com\/comercio-exterior-america-esp\/wp-json\/wp\/v2\/categories?post=625"},{"taxonomy":"post_tag","embeddable":true,"href":"https:\/\/www.exportapymes.com\/comercio-exterior-america-esp\/wp-json\/wp\/v2\/tags?post=625"}],"curies":[{"name":"wp","href":"https:\/\/api.w.org\/{rel}","templated":true}]}}