{"id":653,"date":"2006-07-18T16:25:51","date_gmt":"2006-07-18T23:25:51","guid":{"rendered":"http:\/\/www.exportapymes.com\/comercio-exterior-america-esp\/microempresarios-chilenos-se-preparan-para-exportar-a-la-union-europea\/"},"modified":"2006-07-18T16:25:51","modified_gmt":"2006-07-18T23:25:51","slug":"microempresarios-chilenos-se-preparan-para-exportar-a-la-union-europea","status":"publish","type":"post","link":"https:\/\/www.exportapymes.com\/comercio-exterior-america-esp\/microempresarios-chilenos-se-preparan-para-exportar-a-la-union-europea\/","title":{"rendered":"Microempresarios chilenos se preparan para exportar a la Uni\u00f3n Europea"},"content":{"rendered":"<p>La Regi\u00f3n de Valpara\u00edso <strong>export\u00f3 a la Uni\u00f3n Europea<\/strong> el a\u00f1o 2005, US$ 27 millones en vinos y US$ 46 millones en insumos agr\u00edcolas y cada vez se abren nuevas puertas de comercialiazci\u00f3n.<br \/>\n<img decoding=\"async\" src=\"http:\/\/www.exportapymes.com\/comercio-exterior-america-esp\/images\/ban\/chile.jpg\" \/>   Por este motivo que <strong>EuroChile<\/strong> realizar\u00e1 este mi\u00e9rcoles 19 de julio a partir de las 10 horas en el Sal\u00f3n Esmeralda de la Intendencia de la V Regi\u00f3n, un seminario denominado \u201c<strong>C\u00f3mo exportar a la Uni\u00f3n Europea<\/strong>\u201d.<br \/>\n<!--more-->El objetivo es dar a conocer a emprendedores y entidades los distintos programas e instrumentos de apoyo con los que cuentan para el <strong>proceso de internacionalizaci\u00f3n de sus negocios<\/strong>.<\/p>\n<p>Las exposiciones estar\u00e1n a cargo de Cristina Orellana Quezada, Directora Regional Sercotec; Rodrigo Contreras, Jefe Departamento Acceso a Mercados \u2013 Direcon, <strong>ProChile<\/strong>; Jos\u00e9 Aravena, Director Ejecutivo EuroChile y Ver\u00f3nica Paiva, Direcci\u00f3n Estudios e Informaci\u00f3n EuroChile.<\/p>\n<p>Este encuentro contar\u00e1 con la participaci\u00f3n del Intendente Regional de Valpara\u00edso, Iv\u00e1n de la Maza; \u00c1ngel Maul\u00e9n R\u00edos, Presidente de EuroChile y Carmen Greco, Presidenta de la Federaci\u00f3n de Asociaciones Gremiales de la V Regi\u00f3n, Mipyme.<\/p>\n","protected":false},"excerpt":{"rendered":"<p>La Regi\u00f3n de Valpara\u00edso export\u00f3 a la Uni\u00f3n Europea el a\u00f1o 2005, US$ 27 millones en vinos y US$ 46 millones en insumos agr\u00edcolas y cada vez se abren nuevas puertas de comercialiazci\u00f3n. Por este motivo que EuroChile realizar\u00e1 este<span class=\"ellipsis\">&hellip;<\/span><\/p>\n<div class=\"read-more\"><a href=\"https:\/\/www.exportapymes.com\/comercio-exterior-america-esp\/microempresarios-chilenos-se-preparan-para-exportar-a-la-union-europea\/\">Leer m&aacute;s &#8250;<\/a><\/div>\n<p><!-- end of .read-more --><\/p>\n","protected":false},"author":1,"featured_media":0,"comment_status":"open","ping_status":"open","sticky":false,"template":"","format":"standard","meta":{"footnotes":""},"categories":[4],"tags":[],"class_list":["post-653","post","type-post","status-publish","format-standard","hentry","category-chile"],"_links":{"self":[{"href":"https:\/\/www.exportapymes.com\/comercio-exterior-america-esp\/wp-json\/wp\/v2\/posts\/653","targetHints":{"allow":["GET"]}}],"collection":[{"href":"https:\/\/www.exportapymes.com\/comercio-exterior-america-esp\/wp-json\/wp\/v2\/posts"}],"about":[{"href":"https:\/\/www.exportapymes.com\/comercio-exterior-america-esp\/wp-json\/wp\/v2\/types\/post"}],"author":[{"embeddable":true,"href":"https:\/\/www.exportapymes.com\/comercio-exterior-america-esp\/wp-json\/wp\/v2\/users\/1"}],"replies":[{"embeddable":true,"href":"https:\/\/www.exportapymes.com\/comercio-exterior-america-esp\/wp-json\/wp\/v2\/comments?post=653"}],"version-history":[{"count":0,"href":"https:\/\/www.exportapymes.com\/comercio-exterior-america-esp\/wp-json\/wp\/v2\/posts\/653\/revisions"}],"wp:attachment":[{"href":"https:\/\/www.exportapymes.com\/comercio-exterior-america-esp\/wp-json\/wp\/v2\/media?parent=653"}],"wp:term":[{"taxonomy":"category","embeddable":true,"href":"https:\/\/www.exportapymes.com\/comercio-exterior-america-esp\/wp-json\/wp\/v2\/categories?post=653"},{"taxonomy":"post_tag","embeddable":true,"href":"https:\/\/www.exportapymes.com\/comercio-exterior-america-esp\/wp-json\/wp\/v2\/tags?post=653"}],"curies":[{"name":"wp","href":"https:\/\/api.w.org\/{rel}","templated":true}]}}