{"id":654,"date":"2006-07-25T16:36:41","date_gmt":"2006-07-25T23:36:41","guid":{"rendered":"http:\/\/www.exportapymes.com\/comercio-exterior-america-esp\/el-icex-da-mas-apoyo-para-la-internacionalizacion-de-empresas-espanolas\/"},"modified":"2006-09-13T03:24:51","modified_gmt":"2006-09-13T10:24:51","slug":"el-icex-da-mas-apoyo-para-la-internacionalizacion-de-empresas-espanolas","status":"publish","type":"post","link":"https:\/\/www.exportapymes.com\/comercio-exterior-america-esp\/el-icex-da-mas-apoyo-para-la-internacionalizacion-de-empresas-espanolas\/","title":{"rendered":"El ICEX da m\u00e1s apoyo para la internacionalizaci\u00f3n de empresas espa\u00f1olas"},"content":{"rendered":"<p>El <strong>Instituto de Comercio Exterior (ICEX)<\/strong> destinar\u00e1 1,1 millones de euros para <strong>promover la internacionalizaci\u00f3n de las empresas espa\u00f1olas<\/strong>, as\u00ed como el resto de acciones previstas en el convenio firmado con la <strong>Asociaci\u00f3n de Representantes de Escuelas de Direcci\u00f3n de Empresas (AEEDE)<\/strong>.<br \/>\n<img decoding=\"async\" src=\"http:\/\/www.exportapymes.com\/comercio-exterior-america-esp\/images\/ban\/spain.jpg\" \/>   El acuerdo fue firmado por <strong>Pedro Mej\u00eda, secretario de Estado de Turismo y Comercio y presidente del ICEX<\/strong>, y los once directores de AEEDE, en un acto presidido por el <strong>ministro de Industria, Turismo y Comercio, Jos\u00e9 Montilla<\/strong>.<br \/>\n<!--more-->Adem\u00e1s del presupuesto destinado por el <strong>ICEX<\/strong> para el pr\u00f3ximo curso, las <strong>escuelas de direcci\u00f3n de empresas<\/strong> elaborar\u00e1n material did\u00e1ctico para utilizarlo en la formaci\u00f3n impartida y crear\u00e1n un <strong>portal en internet que recopilar\u00e1 casos exitosos de internacionalizaci\u00f3n de empresas<\/strong>.<\/p>\n<p>El compromiso, vigente hasta 2010, incluye tambi\u00e9n una Comisi\u00f3n de Seguimiento integrada por dos representantes de cada entidad y la creaci\u00f3n de un premio anual a la &#8220;<strong>Mejor Experiencia de Internacionalizaci\u00f3n<\/strong>&#8220;.<\/p>\n<p>Montilla se\u00f1al\u00f3 que el convenio promover\u00e1 la difusi\u00f3n de la <strong>iniciativa internacional de las empresas espa\u00f1olas<\/strong> y el di\u00e1logo entre las <strong>pymes en proceso de internacionalizaci\u00f3n y las Escuelas de Negocio<\/strong>, &#8220;aprovechando las ventajas comparativas&#8221; de los sectores p\u00fablico y privado.<\/p>\n<p>El ministro destac\u00f3 que el convenio es un paso m\u00e1s en el compromiso con la formaci\u00f3n empresarial en el \u00e1mbito de la <strong>internacionalizaci\u00f3n que impulsa el ICEX<\/strong>.<\/p>\n<p>Montilla explic\u00f3 que en estos momentos en el que los procesos de producci\u00f3n &#8220;saltan&#8221; las fronteras f\u00edsicas, es &#8220;imprescindible&#8221; apostar por variables como la <strong>innovaci\u00f3n, el dise\u00f1o, la calidad, la tecnolog\u00eda o la comunicaci\u00f3n<\/strong>. EFECOM<\/p>\n","protected":false},"excerpt":{"rendered":"<p>El Instituto de Comercio Exterior (ICEX) destinar\u00e1 1,1 millones de euros para promover la internacionalizaci\u00f3n de las empresas espa\u00f1olas, as\u00ed como el resto de acciones previstas en el convenio firmado con la Asociaci\u00f3n de Representantes de Escuelas de Direcci\u00f3n de<span class=\"ellipsis\">&hellip;<\/span><\/p>\n<div class=\"read-more\"><a href=\"https:\/\/www.exportapymes.com\/comercio-exterior-america-esp\/el-icex-da-mas-apoyo-para-la-internacionalizacion-de-empresas-espanolas\/\">Leer m&aacute;s &#8250;<\/a><\/div>\n<p><!-- end of .read-more --><\/p>\n","protected":false},"author":1,"featured_media":0,"comment_status":"open","ping_status":"open","sticky":false,"template":"","format":"standard","meta":{"footnotes":""},"categories":[22,25],"tags":[],"class_list":["post-654","post","type-post","status-publish","format-standard","hentry","category-espana","category-internacionalizacion"],"_links":{"self":[{"href":"https:\/\/www.exportapymes.com\/comercio-exterior-america-esp\/wp-json\/wp\/v2\/posts\/654","targetHints":{"allow":["GET"]}}],"collection":[{"href":"https:\/\/www.exportapymes.com\/comercio-exterior-america-esp\/wp-json\/wp\/v2\/posts"}],"about":[{"href":"https:\/\/www.exportapymes.com\/comercio-exterior-america-esp\/wp-json\/wp\/v2\/types\/post"}],"author":[{"embeddable":true,"href":"https:\/\/www.exportapymes.com\/comercio-exterior-america-esp\/wp-json\/wp\/v2\/users\/1"}],"replies":[{"embeddable":true,"href":"https:\/\/www.exportapymes.com\/comercio-exterior-america-esp\/wp-json\/wp\/v2\/comments?post=654"}],"version-history":[{"count":0,"href":"https:\/\/www.exportapymes.com\/comercio-exterior-america-esp\/wp-json\/wp\/v2\/posts\/654\/revisions"}],"wp:attachment":[{"href":"https:\/\/www.exportapymes.com\/comercio-exterior-america-esp\/wp-json\/wp\/v2\/media?parent=654"}],"wp:term":[{"taxonomy":"category","embeddable":true,"href":"https:\/\/www.exportapymes.com\/comercio-exterior-america-esp\/wp-json\/wp\/v2\/categories?post=654"},{"taxonomy":"post_tag","embeddable":true,"href":"https:\/\/www.exportapymes.com\/comercio-exterior-america-esp\/wp-json\/wp\/v2\/tags?post=654"}],"curies":[{"name":"wp","href":"https:\/\/api.w.org\/{rel}","templated":true}]}}