{"id":658,"date":"2006-07-26T10:06:54","date_gmt":"2006-07-26T17:06:54","guid":{"rendered":"http:\/\/www.exportapymes.com\/comercio-exterior-america-esp\/peru-triplicara-este-ano-exportaciones\/"},"modified":"2006-07-26T10:06:54","modified_gmt":"2006-07-26T17:06:54","slug":"peru-triplicara-este-ano-exportaciones","status":"publish","type":"post","link":"https:\/\/www.exportapymes.com\/comercio-exterior-america-esp\/peru-triplicara-este-ano-exportaciones\/","title":{"rendered":"Per\u00fa triplicar\u00e1 este a\u00f1o exportaciones"},"content":{"rendered":"<p>El presidente de la <strong>Asociaci\u00f3n de Exportadores (Adex)<\/strong>, Luis G. Vega Monteferri estim\u00f3 que este a\u00f1o las <strong>exportaciones peruanas<\/strong> se acercar\u00e1n a los US$ 23 mil millones, triplicando as\u00ed la cifra registrada en el 2001, cuando sumaron casi US$ 7 mil millones.<br \/>\n<img decoding=\"async\" src=\"http:\/\/www.exportapymes.com\/comercio-exterior-america-esp\/images\/ban\/peru.jpg\" \/>   El l\u00edder empresarial, impuso un nuevo reto para el <strong>sector exportador<\/strong> y dijo que hacia el 2,020, las <strong>exportaciones<\/strong><br \/>\n<!--more-->de nuestro pa\u00eds deben llegar a los US$ 100 mil millones, con el consiguiente beneficio para la poblaci\u00f3n y promoviendo el<strong> desarrollo econ\u00f3mico del pa\u00eds<\/strong>. <\/p>\n<p>Refiri\u00f3 que los <strong>exportadores y los empresarios en general<\/strong>, deben hacer un mayor \u00e9nfasis en su labor de apoyar a los sectores m\u00e1s necesitados y que \u00e9se, es otro de los retos de los pr\u00f3ximos a\u00f1os. <\/p>\n<p>Record\u00f3 que a inicios del 2005, ADEX proyect\u00f3 que ese a\u00f1o el Per\u00fa llegar\u00eda a los US$ 17 mil millones de <strong>exportaciones<\/strong> mientras otros propusieron la meta de US$ 14 mil millones, asimismo, estableci\u00f3 el crecimiento de nuestro comercio en un promedio anual de 15% por 15 a\u00f1os, lo cual, se ha cumplido hasta el momento, y mejor, a\u00fan, se supero las expectativas. RPP<\/p>\n","protected":false},"excerpt":{"rendered":"<p>El presidente de la Asociaci\u00f3n de Exportadores (Adex), Luis G. Vega Monteferri estim\u00f3 que este a\u00f1o las exportaciones peruanas se acercar\u00e1n a los US$ 23 mil millones, triplicando as\u00ed la cifra registrada en el 2001, cuando sumaron casi US$ 7<span class=\"ellipsis\">&hellip;<\/span><\/p>\n<div class=\"read-more\"><a href=\"https:\/\/www.exportapymes.com\/comercio-exterior-america-esp\/peru-triplicara-este-ano-exportaciones\/\">Leer m&aacute;s &#8250;<\/a><\/div>\n<p><!-- end of .read-more --><\/p>\n","protected":false},"author":1,"featured_media":0,"comment_status":"open","ping_status":"open","sticky":false,"template":"","format":"standard","meta":{"footnotes":""},"categories":[17],"tags":[],"class_list":["post-658","post","type-post","status-publish","format-standard","hentry","category-peru"],"_links":{"self":[{"href":"https:\/\/www.exportapymes.com\/comercio-exterior-america-esp\/wp-json\/wp\/v2\/posts\/658","targetHints":{"allow":["GET"]}}],"collection":[{"href":"https:\/\/www.exportapymes.com\/comercio-exterior-america-esp\/wp-json\/wp\/v2\/posts"}],"about":[{"href":"https:\/\/www.exportapymes.com\/comercio-exterior-america-esp\/wp-json\/wp\/v2\/types\/post"}],"author":[{"embeddable":true,"href":"https:\/\/www.exportapymes.com\/comercio-exterior-america-esp\/wp-json\/wp\/v2\/users\/1"}],"replies":[{"embeddable":true,"href":"https:\/\/www.exportapymes.com\/comercio-exterior-america-esp\/wp-json\/wp\/v2\/comments?post=658"}],"version-history":[{"count":0,"href":"https:\/\/www.exportapymes.com\/comercio-exterior-america-esp\/wp-json\/wp\/v2\/posts\/658\/revisions"}],"wp:attachment":[{"href":"https:\/\/www.exportapymes.com\/comercio-exterior-america-esp\/wp-json\/wp\/v2\/media?parent=658"}],"wp:term":[{"taxonomy":"category","embeddable":true,"href":"https:\/\/www.exportapymes.com\/comercio-exterior-america-esp\/wp-json\/wp\/v2\/categories?post=658"},{"taxonomy":"post_tag","embeddable":true,"href":"https:\/\/www.exportapymes.com\/comercio-exterior-america-esp\/wp-json\/wp\/v2\/tags?post=658"}],"curies":[{"name":"wp","href":"https:\/\/api.w.org\/{rel}","templated":true}]}}